{"id":152853,"date":"2025-11-15T15:20:15","date_gmt":"2025-11-15T15:20:15","guid":{"rendered":"https:\/\/www.europesays.com\/pt\/152853\/"},"modified":"2025-11-15T15:20:15","modified_gmt":"2025-11-15T15:20:15","slug":"gerluce-briga-com-o-pai-biologico-por-roubo-de-estatua","status":"publish","type":"post","link":"https:\/\/www.europesays.com\/pt\/152853\/","title":{"rendered":"Gerluce briga com o pai biol\u00f3gico por roubo de est\u00e1tua"},"content":{"rendered":"<p data-start=\"540\" data-end=\"970\">Nos cap\u00edtulos seguintes de <a href=\"https:\/\/natelinha.uol.com.br\/novelas\/tres-gracas\" rel=\"nofollow noopener\" target=\"_blank\">Tr\u00eas Gra\u00e7as<\/a>, Gerluce (<a href=\"https:\/\/natelinha.uol.com.br\/famosos\/tudo-sobre\/sophie-charlotte\" rel=\"nofollow noopener\" target=\"_blank\">Sophie Charlotte<\/a>) iniciar\u00e1 o planejamento para retirar a est\u00e1tua que permanece na mans\u00e3o de Arminda (<a href=\"https:\/\/natelinha.uol.com.br\/famosos\/tudo-sobre\/grazi-massafera\" rel=\"nofollow noopener\" target=\"_blank\">Grazi Massafera<\/a>). A pe\u00e7a cont\u00e9m valores escondidos e ser\u00e1 o centro de uma opera\u00e7\u00e3o articulada pela jovem. Durante a prepara\u00e7\u00e3o, por\u00e9m, ela enfrentar\u00e1 um conflito direto com Joaquim (<a href=\"https:\/\/natelinha.uol.com.br\/famosos\/tudo-sobre\/marcos-palmeira\" rel=\"nofollow noopener\" target=\"_blank\">Marcos Palmeira<\/a>), seu pai biol\u00f3gico, que tentar\u00e1 incluir-se na iniciativa em troca de pagamento.<\/p>\n<p data-start=\"972\" data-end=\"1434\">A movimenta\u00e7\u00e3o come\u00e7a quando a jovem identifica que a pe\u00e7a guardada na resid\u00eancia de Arminda pode representar fonte imediata de recursos. Ela entende que os valores encontrados ali poderiam ser destinados aos moradores da Chacrinha, que enfrentam dificuldades ap\u00f3s esquema comandado por Ferette (<a href=\"https:\/\/natelinha.uol.com.br\/famosos\/tudo-sobre\/murilo-benicio\" rel=\"nofollow noopener\" target=\"_blank\">Murilo Ben\u00edcio<\/a>).<\/p>\n<p data-start=\"972\" data-end=\"1434\">O empres\u00e1rio, segundo a personagem, substituiu medicamentos distribu\u00eddos gratuitamente por vers\u00f5es falsas, o que afetou o atendimento de sa\u00fade local.<\/p>\n<p data-start=\"972\" data-end=\"1434\">+\u00a0<a href=\"https:\/\/natelinha.uol.com.br\/novelas\/2025\/11\/14\/tres-gracas-claudia-ouve-previsao-de-morte-e-fica-em-panico-233899.php\" target=\"_blank\" rel=\"noopener noreferrer nofollow\">Tr\u00eas Gra\u00e7as: Cl\u00e1udia ouve previs\u00e3o de morte e fica em p\u00e2nico<\/a><\/p>\n<p data-start=\"1436\" data-end=\"1800\">Com a decis\u00e3o tomada, Gerluce re\u00fane pessoas pr\u00f3ximas para estruturar a retirada da pe\u00e7a. A primeira barreira surge com a liberta\u00e7\u00e3o do pai de Jo\u00e9lly (<a href=\"https:\/\/natelinha.uol.com.br\/famosos\/tudo-sobre\/alana-cabral\" rel=\"nofollow noopener\" target=\"_blank\">Alana Cabral<\/a>). A jovem afirma ao grupo que n\u00e3o permitir\u00e1 a aproxima\u00e7\u00e3o dele da crian\u00e7a. A situa\u00e7\u00e3o a obriga a reorganizar a prepara\u00e7\u00e3o, j\u00e1 que a not\u00edcia afeta diretamente os \u00e2nimos de quem participa da articula\u00e7\u00e3o.<\/p>\n<p data-start=\"1802\" data-end=\"2287\">Paralelamente, outra informa\u00e7\u00e3o altera o andamento da reuni\u00e3o. Gerluce descobre que Viviane (<a href=\"https:\/\/natelinha.uol.com.br\/famosos\/tudo-sobre\/gabriela-loran\" rel=\"nofollow noopener\" target=\"_blank\">Gabriela Loran<\/a>) est\u00e1 envolvida com Leonardo (<a href=\"https:\/\/natelinha.uol.com.br\/famosos\/tudo-sobre\/pedro-novaes\" rel=\"nofollow noopener\" target=\"_blank\">Pedro Novaes<\/a>), filho de Ferette. A ades\u00e3o da amiga ao relacionamento com o herdeiro faz com que a jovem decida suspender o encontro com o grupo.<\/p>\n<p data-start=\"1802\" data-end=\"2287\">Ela comunica que a rodada de conversas sobre o plano dever\u00e1 ser adiada. A decis\u00e3o causa surpresa entre os participantes, que aguardavam orienta\u00e7\u00f5es sobre a opera\u00e7\u00e3o voltada aos moradores da comunidade.<\/p>\n<p>Joaquim briga com Gerluce em Tr\u00eas Gra\u00e7as<\/p>\n<p><img decoding=\"async\" loading=\"lazy\" class=\"horizontal\" src=\"https:\/\/www.europesays.com\/pt\/wp-content\/uploads\/2025\/11\/tv-globo-tres-gracas-gerluce-descobre-segredo_5686.jpeg\" alt=\"imagem-texto\"\/><\/p>\n<p>continua depois da publicidade<\/p>\n<p data-start=\"2289\" data-end=\"2628\">Viviane ent\u00e3o busca conversar com Gerluce para evitar mudan\u00e7as de rota. Na conversa, explica que a rela\u00e7\u00e3o com o filho de Ferette n\u00e3o interfere nas a\u00e7\u00f5es previstas para apoiar os moradores da Chacrinha. O objetivo \u00e9 refor\u00e7ar que a organiza\u00e7\u00e3o pode continuar sem preju\u00edzo. A abordagem da amiga faz com que a jovem considere retomar o plano.<\/p>\n<p data-start=\"2289\" data-end=\"2628\">+\u00a0<a href=\"https:\/\/natelinha.uol.com.br\/novelas\/2025\/11\/14\/tres-gracas-leonardo-foge-de-viviane-apos-descobrir-que-ela-e-trans-233890.php\" target=\"_blank\" rel=\"noopener noreferrer nofollow\">Tr\u00eas Gra\u00e7as: Leonardo foge de Viviane ap\u00f3s descobrir que ela \u00e9 trans<\/a><\/p>\n<p data-start=\"2630\" data-end=\"3127\">O impasse definitivo surge quando Joaquim toma conhecimento dos detalhes. Ele procura Gerluce e manifesta interesse em participar da a\u00e7\u00e3o. No di\u00e1logo, o pai da jovem deixa claro que pretende ser recompensado financeiramente caso fa\u00e7a parte do processo. A fala dele gera um desentendimento imediato.<\/p>\n<p><strong>Confira os resumos da semana das outras novelas:<\/strong><\/p>\n<p>O\u00a0<strong>NaTelinha<\/strong>\u00a0divulga todos os dias os resumos dos cap\u00edtulos, detalhes dos personagens, entrevistas exclusivas com o elenco e spoilers da novela Tr\u00eas Gra\u00e7as.<\/p>\n<p><strong>Confira a abertura de Tr\u00eas Gra\u00e7as:\u00a0<\/strong><\/p>\n<p>                                <img decoding=\"async\" loading=\"lazy\" class=\"horizontal\" alt=\"Imagem da thumbnail do v\u00eddeo!\" src=\"https:\/\/www.europesays.com\/pt\/wp-content\/uploads\/2025\/10\/1761295702_715_hqdefault.jpg\"\/><\/p>\n","protected":false},"excerpt":{"rendered":"Nos cap\u00edtulos seguintes de Tr\u00eas Gra\u00e7as, Gerluce (Sophie Charlotte) iniciar\u00e1 o planejamento para retirar a est\u00e1tua que permanece&hellip;\n","protected":false},"author":2,"featured_media":152854,"comment_status":"","ping_status":"","sticky":false,"template":"","format":"standard","meta":{"footnotes":""},"categories":[142],"tags":[114,115,30805,33025,32,33,4376,151,33024],"class_list":{"0":"post-152853","1":"post","2":"type-post","3":"status-publish","4":"format-standard","5":"has-post-thumbnail","7":"category-tv","8":"tag-entertainment","9":"tag-entretenimento","10":"tag-gerluce-tres-gracas","11":"tag-joaquim-tres-gracas","12":"tag-portugal","13":"tag-pt","14":"tag-tres-gracas","15":"tag-tv","16":"tag-viviane-tres-gracas"},"share_on_mastodon":{"url":"https:\/\/pubeurope.com\/@pt\/115554394346615942","error":""},"_links":{"self":[{"href":"https:\/\/www.europesays.com\/pt\/wp-json\/wp\/v2\/posts\/152853","targetHints":{"allow":["GET"]}}],"collection":[{"href":"https:\/\/www.europesays.com\/pt\/wp-json\/wp\/v2\/posts"}],"about":[{"href":"https:\/\/www.europesays.com\/pt\/wp-json\/wp\/v2\/types\/post"}],"author":[{"embeddable":true,"href":"https:\/\/www.europesays.com\/pt\/wp-json\/wp\/v2\/users\/2"}],"replies":[{"embeddable":true,"href":"https:\/\/www.europesays.com\/pt\/wp-json\/wp\/v2\/comments?post=152853"}],"version-history":[{"count":0,"href":"https:\/\/www.europesays.com\/pt\/wp-json\/wp\/v2\/posts\/152853\/revisions"}],"wp:featuredmedia":[{"embeddable":true,"href":"https:\/\/www.europesays.com\/pt\/wp-json\/wp\/v2\/media\/152854"}],"wp:attachment":[{"href":"https:\/\/www.europesays.com\/pt\/wp-json\/wp\/v2\/media?parent=152853"}],"wp:term":[{"taxonomy":"category","embeddable":true,"href":"https:\/\/www.europesays.com\/pt\/wp-json\/wp\/v2\/categories?post=152853"},{"taxonomy":"post_tag","embeddable":true,"href":"https:\/\/www.europesays.com\/pt\/wp-json\/wp\/v2\/tags?post=152853"}],"curies":[{"name":"wp","href":"https:\/\/api.w.org\/{rel}","templated":true}]}}