{"id":152855,"date":"2025-11-15T15:21:13","date_gmt":"2025-11-15T15:21:13","guid":{"rendered":"https:\/\/www.europesays.com\/pt\/152855\/"},"modified":"2025-11-15T15:21:13","modified_gmt":"2025-11-15T15:21:13","slug":"o-sopro-de-vitoria-de-ana-castela-apos-derrota-no-grammy-latino","status":"publish","type":"post","link":"https:\/\/www.europesays.com\/pt\/152855\/","title":{"rendered":"O sopro de vit\u00f3ria de Ana Castela, ap\u00f3s derrota no Grammy Latino"},"content":{"rendered":"<p>                                <img decoding=\"async\" fetchpriority=\"high\" width=\"1280\" height=\"720\" src=\"https:\/\/www.europesays.com\/pt\/wp-content\/uploads\/2025\/11\/anacastela-.jpg\" alt=\"Ana Castela\" class=\"media \"\/>                Ana Castela\u00a0(Instagram\/Reprodu\u00e7\u00e3o)<\/p>\n<p>                    Continua ap\u00f3s publicidade<\/p>\n<p style=\"text-align: justify;\">Concorrendo ao Grammy Latino na categoria de Melhor \u00c1lbum de M\u00fasica Sertaneja com Let\u2019s Go Rodeo, <a href=\"https:\/\/veja.abril.com.br\/coluna\/veja-gente\/ana-castela-a-boiadeira-da-globo-para-fazer-frente-a-virginia\/\" rel=\"nofollow noopener\" target=\"_blank\"><strong>Ana Castela<\/strong><\/a> acabou deixando o evento de m\u00e3os vazias ao ser derrotada pela dupla veterana <strong>Chit\u00e3ozinho<\/strong> e <strong>Xoror\u00f3<\/strong> com o disco Jos\u00e9 &amp; Durval. Ainda assim, a cantora conseguiu sair com uma vit\u00f3ria, mesmo que longe do palco principal. Durante a transmiss\u00e3o, na noite desta quinta-feira, 13, seu nome ficou entre os assuntos mais comentados das redes sociais.<\/p>\n<p style=\"text-align: justify;\">De acordo com levantamento da Nexus \u2013 Pesquisa e Intelig\u00eancia de Dados, ao qual a <a href=\"https:\/\/veja.abril.com.br\/coluna\/veja-gente\/\" rel=\"nofollow noopener\" target=\"_blank\">coluna GENTE<\/a> teve acesso, a express\u00e3o \u201cboiadeira no Grammy\u201d figurou entre as mais recorrentes no X, seguida pela triunfante Caju, de <strong>Liniker<\/strong>, e pelo nome de <strong>Marina Sena<\/strong>. <strong>Jo\u00e3o Gomes<\/strong> tamb\u00e9m apareceu entre os destaques, ap\u00f3s vencer ao lado de <strong>Mestrinho<\/strong> e <strong>Jota.P\u00ea<\/strong> pelo trabalho Dominguinho.<\/p>\n<p style=\"text-align: justify;\">\u201cN\u00e3o ganhei o Grammy, mas ganhei tanta coisa boa nessa semana que nem sei explicar! Foi lindo demais viver tudo isso, representar o Brasil e sentir o carinho de voc\u00eas. Sou grata por todos os \u2018sins\u2019 e \u2018n\u00e3os\u2019 da minha vida\u2026 amei poder viver tudo isso\u201d, escreveu Ana nas suas redes. J\u00e1 <strong>Z\u00e9 Felipe<\/strong>, namorado da cantora, n\u00e3o gostou do resultado, chegando a questionar a premia\u00e7\u00e3o ao compartilhar o post da amada acompanhado de um ponto de interroga\u00e7\u00e3o.<\/p>\n","protected":false},"excerpt":{"rendered":"Ana Castela\u00a0(Instagram\/Reprodu\u00e7\u00e3o) Continua ap\u00f3s publicidade Concorrendo ao Grammy Latino na categoria de Melhor \u00c1lbum de M\u00fasica Sertaneja com&hellip;\n","protected":false},"author":2,"featured_media":152856,"comment_status":"","ping_status":"","sticky":false,"template":"","format":"standard","meta":{"footnotes":""},"categories":[141],"tags":[114,115,149,150,32,33],"class_list":{"0":"post-152855","1":"post","2":"type-post","3":"status-publish","4":"format-standard","5":"has-post-thumbnail","7":"category-musica","8":"tag-entertainment","9":"tag-entretenimento","10":"tag-music","11":"tag-musica","12":"tag-portugal","13":"tag-pt"},"share_on_mastodon":{"url":"https:\/\/pubeurope.com\/@pt\/115554397983776158","error":""},"_links":{"self":[{"href":"https:\/\/www.europesays.com\/pt\/wp-json\/wp\/v2\/posts\/152855","targetHints":{"allow":["GET"]}}],"collection":[{"href":"https:\/\/www.europesays.com\/pt\/wp-json\/wp\/v2\/posts"}],"about":[{"href":"https:\/\/www.europesays.com\/pt\/wp-json\/wp\/v2\/types\/post"}],"author":[{"embeddable":true,"href":"https:\/\/www.europesays.com\/pt\/wp-json\/wp\/v2\/users\/2"}],"replies":[{"embeddable":true,"href":"https:\/\/www.europesays.com\/pt\/wp-json\/wp\/v2\/comments?post=152855"}],"version-history":[{"count":0,"href":"https:\/\/www.europesays.com\/pt\/wp-json\/wp\/v2\/posts\/152855\/revisions"}],"wp:featuredmedia":[{"embeddable":true,"href":"https:\/\/www.europesays.com\/pt\/wp-json\/wp\/v2\/media\/152856"}],"wp:attachment":[{"href":"https:\/\/www.europesays.com\/pt\/wp-json\/wp\/v2\/media?parent=152855"}],"wp:term":[{"taxonomy":"category","embeddable":true,"href":"https:\/\/www.europesays.com\/pt\/wp-json\/wp\/v2\/categories?post=152855"},{"taxonomy":"post_tag","embeddable":true,"href":"https:\/\/www.europesays.com\/pt\/wp-json\/wp\/v2\/tags?post=152855"}],"curies":[{"name":"wp","href":"https:\/\/api.w.org\/{rel}","templated":true}]}}