{"id":152859,"date":"2025-11-15T15:27:11","date_gmt":"2025-11-15T15:27:11","guid":{"rendered":"https:\/\/www.europesays.com\/pt\/152859\/"},"modified":"2025-11-15T15:27:11","modified_gmt":"2025-11-15T15:27:11","slug":"atencao-ha-novos-cortes-de-luz-em-tres-distritos-este-domingo-onde","status":"publish","type":"post","link":"https:\/\/www.europesays.com\/pt\/152859\/","title":{"rendered":"Aten\u00e7\u00e3o! H\u00e1 novos cortes de luz em tr\u00eas distritos este domingo. Onde?"},"content":{"rendered":"<p>V\u00e1rias localidades no distrito de Coimbra, Faro e Lisboa v\u00e3o ficar, no domingo, dia 16 de novembro, sem fornecimento de eletricidade entre as 05h00 e as 11h00, devido a trabalhos na rede de distribui\u00e7\u00e3o.\u00a0<\/p>\n<p>A E-Redes partilhou a informa\u00e7\u00e3o no seu <a href=\"https:\/\/www.e-redes.pt\/pt-pt\/o-que-fazemos\/qualidade-de-servico\/consulte-interrupcoes-agendadas\" target=\"_blank\" rel=\"noopener nofollow\">site<\/a>, explicando que &#8220;s\u00e3o efetuadas manobras, liga\u00e7\u00f5es, repara\u00e7\u00f5es ou trabalhos de conserva\u00e7\u00e3o das infraestruturas, sempre de forma planeada e controlada&#8221;.<\/p>\n<p>&#8220;As interrup\u00e7\u00f5es tempor\u00e1rias e de curta dura\u00e7\u00e3o ocorrem quando todas as alternativas de alimenta\u00e7\u00e3o dispon\u00edveis est\u00e3o esgotadas, de forma a garantir que o impacto para os clientes \u00e9 o mais reduzido poss\u00edvel&#8221;, pode ler-se.<\/p>\n<p>Os munic\u00edpios afetados por esta interven\u00e7\u00e3o s\u00e3o a Uni\u00e3o Das Freguesias De Coimbra (no distrito de Coimbra), Quarteira (distrito de Faro) e Campolide, Lumiar, Marvila e Uni\u00e3o Das Freguesias De S\u00e3o Jo\u00e3o Das Lampas E Terrugem (distrito de Lisboa).<\/p>\n<p>Veja a lista completa:<\/p>\n<ul>&#13;<\/p>\n<li>Coimbra: Freguesia da Uni\u00e3o Das Freguesias De Coimbra (S\u00e9 Nova, Santa Cruz, Almedina E S\u00e3o Bartolomeu)<br \/>08h00 \u00e0s 11h30<br \/>Avenida Fern\u00e3o De Magalh\u00e3es, Rua Dos Oleiros<\/li>\n<p>&#13;<\/p>\n<li>Faro: Freguesia de Quarteira<br \/>06h00 \u00e0s 11h00<br \/>Largo Neptuno, Pra\u00e7a Banco Portugu\u00eas Do Atl\u00e2ntico, Rua Das Estrelas<\/li>\n<p>&#13;<\/p>\n<li>Faro: Freguesia de Quarteira<br \/>07h00 \u00e0s 11h00<br \/>Rua Do Dep\u00f3sito, Rua Outeiro<\/li>\n<p>&#13;<\/p>\n<li>Lisboa: Freguesia de Campolide<br \/>05h00 \u00e0s 11h00<br \/>Rua Professor Sousa Da C\u00e2mara<\/li>\n<p>&#13;<\/p>\n<li>Lisboa: Freguesia do Lumiar<br \/>05h00 \u00e0s 11h00<br \/>Rua Professor Aires De Sousa<\/li>\n<p>&#13;<\/p>\n<li>Lisboa: Freguesia de Marvila<br \/>05h30 \u00e0s 11h00<br \/>Avenida Infante Dom Henrique &#8211; Marvila, Rua Vale Formoso De Cima<\/li>\n<p>&#13;<\/p>\n<li>Lisboa: Freguesia da Uni\u00e3o Das Freguesias De S\u00e3o Jo\u00e3o Das Lampas E Terrugem<br \/>06h00 \u00e0s 11h00<br \/>Caminho Casal, Caminho Da Azenha Da Laje, Estrada Da Lage, Estrada Principal Cruz\/Fontanela, Rua De Baixo, Rua Do Cabe\u00e7o Da Moucheira<\/li>\n<p>&#13;\n                                                    <\/ul>\n<p>Os consumidores poder\u00e3o consultar os locais e hor\u00e1rios das interrup\u00e7\u00f5es atrav\u00e9s da liga\u00e7\u00e3o <a href=\"https:\/\/www.e-redes.pt\/pt-pt\/o-que-fazemos\/qualidade-de-servico\/consulte-interrupcoes-agendadas\" target=\"_blank\" rel=\"noopener nofollow\">https:\/\/www.e-redes.pt\/pt-pt\/o-que-fazemos\/qualidade-de-servico\/consulte-interrupcoes-agendadas<\/a>.<\/p>\n<p>Recorde-se que, no domingo passado, houve tamb\u00e9m cortes de luz em v\u00e1rios locais na regi\u00e3o de Lisboa e Algarve.<\/p>\n<p>Na semana passada, os munic\u00edpios afetados por esta interven\u00e7\u00e3o da E-Redes foram os de Lisboa, Oeiras e Sintra (no distrito de Lisboa), Tomar (distrito de Santar\u00e9m) e Faro, Lagos e Olh\u00e3o (distrito de Faro).<\/p>\n<p>                                                    <img decoding=\"async\" src=\"https:\/\/www.europesays.com\/pt\/wp-content\/uploads\/2025\/11\/naom_690e05010aa17.jpg\" border=\"0\" alt=\"Aten\u00e7\u00e3o! Hoje vai faltar a luz em sete munic\u00edpios (confira se \u00e9 no seu)\"\/><\/p>\n<p>A E-Redes explica que se tratam de &#8220;interrup\u00e7\u00f5es programadas, previamente agendadas&#8221;, com o objetivo de &#8220;garantir a qualidade e a fiabilidade do servi\u00e7o el\u00e9trico&#8221;. Veja a lista dos locais afetados.<\/p>\n<p>                                                     Beatriz Vasconcelos | 06:07 &#8211; 09\/11\/2025 <\/p>\n<p>Os eletrodom\u00e9sticos est\u00e3o a salvo?<\/p>\n<p>Pedro Silva, especialista da \u00e1rea de energia da DECO PROteste, explicou \u00e0 CNN Portugal, na semana passada, que, &#8220;em princ\u00edpio, n\u00e3o vai acontecer nada&#8221;, porque estamos perante uma &#8220;manuten\u00e7\u00e3o programada em que o restabelecimento de energia \u00e9 feito com cautela e existe uma responsabilidade por parte do operador da rede por falhas que possam acontecer e por danos que possam provocar&#8221;.<\/p>\n<p>Por\u00e9m, apesar de a probabilidade ser muito baixa pode ocorrer um &#8220;pico de corrente que pode queimar algum aparelho&#8221; e, por isso, para os consumidores que queiram &#8220;jogar \u00e0 defesa&#8221;, a DECO PROteste aconselha a &#8220;desligar os equipamentos&#8221;.<\/p>\n<p>                                                    <img decoding=\"async\" src=\"https:\/\/www.europesays.com\/pt\/wp-content\/uploads\/2025\/11\/naom_690dac6537344.jpg\" border=\"0\" alt=\"Haver\u00e1 cortes de luz no domingo: Eletrodom\u00e9sticos est\u00e3o a salvo? Uma dica\"\/><\/p>\n<p>No domingo h\u00e1 &#8220;cortes programados&#8221; de eletricidade, que v\u00e3o ocorrer em zonas dos munic\u00edpios de Lisboa, Oeiras, Sintra, Tomar, Faro, Lagos e Olh\u00e3o, devido a trabalhos na rede de distribui\u00e7\u00e3o. Se quer jogar \u00e0 defesa e evitar problemas nos eletrodom\u00e9sticos, o melhor \u00e9 mesmo deslig\u00e1-los.\u00a0<\/p>\n<p>                                                     Beatriz Vasconcelos | 08:09 &#8211; 07\/11\/2025 <\/p>\n<p>Leia Tamb\u00e9m:\u00a0<a href=\"https:\/\/www.noticiasaominuto.com\/economia\/2884361\/havera-cortes-de-luz-no-domingo-eletrodomesticos-estao-a-salvo-uma-dica\" target=\"_blank\" rel=\"noopener noreferrer nofollow\">Haver\u00e1 cortes de luz no domingo: Eletrodom\u00e9sticos est\u00e3o a salvo? Uma dica<\/a><\/p>\n","protected":false},"excerpt":{"rendered":"V\u00e1rias localidades no distrito de Coimbra, Faro e Lisboa v\u00e3o ficar, no domingo, dia 16 de novembro, sem&hellip;\n","protected":false},"author":2,"featured_media":152860,"comment_status":"","ping_status":"","sticky":false,"template":"","format":"standard","meta":{"footnotes":""},"categories":[83],"tags":[88,89,90,32,33],"class_list":{"0":"post-152859","1":"post","2":"type-post","3":"status-publish","4":"format-standard","5":"has-post-thumbnail","7":"category-empresas","8":"tag-business","9":"tag-economy","10":"tag-empresas","11":"tag-portugal","12":"tag-pt"},"share_on_mastodon":{"url":"https:\/\/pubeurope.com\/@pt\/115554421743272418","error":""},"_links":{"self":[{"href":"https:\/\/www.europesays.com\/pt\/wp-json\/wp\/v2\/posts\/152859","targetHints":{"allow":["GET"]}}],"collection":[{"href":"https:\/\/www.europesays.com\/pt\/wp-json\/wp\/v2\/posts"}],"about":[{"href":"https:\/\/www.europesays.com\/pt\/wp-json\/wp\/v2\/types\/post"}],"author":[{"embeddable":true,"href":"https:\/\/www.europesays.com\/pt\/wp-json\/wp\/v2\/users\/2"}],"replies":[{"embeddable":true,"href":"https:\/\/www.europesays.com\/pt\/wp-json\/wp\/v2\/comments?post=152859"}],"version-history":[{"count":0,"href":"https:\/\/www.europesays.com\/pt\/wp-json\/wp\/v2\/posts\/152859\/revisions"}],"wp:featuredmedia":[{"embeddable":true,"href":"https:\/\/www.europesays.com\/pt\/wp-json\/wp\/v2\/media\/152860"}],"wp:attachment":[{"href":"https:\/\/www.europesays.com\/pt\/wp-json\/wp\/v2\/media?parent=152859"}],"wp:term":[{"taxonomy":"category","embeddable":true,"href":"https:\/\/www.europesays.com\/pt\/wp-json\/wp\/v2\/categories?post=152859"},{"taxonomy":"post_tag","embeddable":true,"href":"https:\/\/www.europesays.com\/pt\/wp-json\/wp\/v2\/tags?post=152859"}],"curies":[{"name":"wp","href":"https:\/\/api.w.org\/{rel}","templated":true}]}}