{"id":152864,"date":"2025-11-15T15:35:54","date_gmt":"2025-11-15T15:35:54","guid":{"rendered":"https:\/\/www.europesays.com\/pt\/152864\/"},"modified":"2025-11-15T15:35:54","modified_gmt":"2025-11-15T15:35:54","slug":"postagem-de-dua-lipa-reacende-boatos-sobre-vinda-para-a-cop30-dol","status":"publish","type":"post","link":"https:\/\/www.europesays.com\/pt\/152864\/","title":{"rendered":"Postagem de Dua Lipa reacende boatos sobre vinda para a COP30 \u2022 DOL"},"content":{"rendered":"<p>Depois de <a href=\"https:\/\/dol.com.br\/entretenimento\/musica\/928143\/shawn-mendes-desembarca-em-belem-para-a-cop30?d=1\" target=\"_blank\" rel=\"nofollow noopener\" data-rel-defined=\"\">Shawn Mendes na COP30, que acontece em Bel\u00e9m at\u00e9 o pr\u00f3ximo dia 21<\/a>, agora surgiu a possibilidade da apari\u00e7\u00e3o de outro artista da m\u00fasica mundial, em meio \u00e0 intensa movimenta\u00e7\u00e3o internacional causada pelo maior evento sobre mudan\u00e7as clim\u00e1ticas do planeta.<\/p>\n<p>A cantora albanesa, Dua Lipa, tamb\u00e9m pode pisar na <a href=\"https:\/\/dol.com.br\/tags\/cop30?d=1\" target=\"_blank\" rel=\"nofollow noopener\" data-rel-defined=\"\">Blue Zone, a \u00e1rea restrita da COP30<\/a>. O motivo seria uma postagem da artista, em suas redes sociais, em que dizia que, como est\u00e1 no Brasil para uma s\u00e9rie de apresenta\u00e7\u00f5es e que coincide com a realiza\u00e7\u00e3o do evento clim\u00e1tico no pa\u00eds, ela poderia marcar presen\u00e7a.<\/p>\n<p>Conte\u00fado Relacionado<\/p>\n<p>A postagem causou alvoro\u00e7o nos f\u00e3s, sobretudo os paraenses, que vivem agora a expectativa de encontrarem a cantora albanesa em Bel\u00e9m par participar de pelo menos um dia, na COP30, <a href=\"https:\/\/dol.com.br\/entretenimento\/fama\/928159\/fas-fazem-vigilia-por-shawn-mendes-em-hotel-de-belem?d=1\" target=\"_blank\" rel=\"nofollow noopener\" data-rel-defined=\"\">da mesma forma que os f\u00e3s do cantor canadense Shawn Mendes<\/a>.<\/p>\n<p>Os rumores n\u00e3o s\u00e3o in\u00e9ditos: no in\u00edcio do ano, j\u00e1 se discutia a possibilidade de que a cantora viesse \u00e0 <a href=\"https:\/\/dol.com.br\/tags\/global-citizen-festival?d=1\" target=\"_blank\" rel=\"nofollow noopener\" data-rel-defined=\"\">capital paraense para participar do Global Citizen<\/a>, movimento que acabou n\u00e3o se concretizando.<\/p>\n<p>Sobre a COP30, entretanto, at\u00e9 o momento, n\u00e3o h\u00e1 qualquer confirma\u00e7\u00e3o oficial de que a cantora integrar\u00e1 a programa\u00e7\u00e3o da confer\u00eancia ou far\u00e1 uma apari\u00e7\u00e3o em Bel\u00e9m.<\/p>\n<p>Quer saber mais de fama? <a href=\"https:\/\/www.whatsapp.com\/channel\/0029Va4xYGk1dAw9LjYD7B2k\" target=\"_blank\" rel=\"nofollow noopener\" data-rel-defined=\"\">Acesse o nosso canal no WhatsApp<\/a><\/p>\n<p>De certo, apenas sua passagem nas cidades de S\u00e3o Paulo e Rio de Janeiro, onde Dua Lipa far\u00e1 duas apresenta\u00e7\u00f5es da sua turn\u00ea, Radical Optimism Tour, nos pr\u00f3ximos dias 15 e 22.<\/p>\n<p>Veja a postagem:<\/p>\n<blockquote class=\"twitter-tweet\">\n<p>\u201cPor acaso, tamb\u00e9m \u00e9 a semana da COP30, que este ano est\u00e1 a decorrer no Brasil (para onde vou a seguir).\u201d <\/p>\n<p>\u2014 Dua Lipa falando sobre a COP30 e sua vinda ao Brasil (via <a href=\"https:\/\/twitter.com\/service95?ref_src=twsrc%5Etfw\" rel=\"nofollow noopener\" target=\"_blank\">@service95<\/a>). <a href=\"https:\/\/t.co\/05c4ywgnPs\" rel=\"nofollow\">pic.twitter.com\/05c4ywgnPs<\/a><\/p>\n<p>\u2014 Dua Lipa Brasil (@dualipabrasil) <a href=\"https:\/\/twitter.com\/dualipabrasil\/status\/1989097935095886121?ref_src=twsrc%5Etfw\" rel=\"nofollow noopener\" target=\"_blank\">November 13, 2025<\/a><\/p><\/blockquote>\n<p><script async src=\"https:\/\/platform.twitter.com\/widgets.js\" charset=\"utf-8\"><\/script><\/p>\n","protected":false},"excerpt":{"rendered":"Depois de Shawn Mendes na COP30, que acontece em Bel\u00e9m at\u00e9 o pr\u00f3ximo dia 21, agora surgiu a&hellip;\n","protected":false},"author":2,"featured_media":152865,"comment_status":"","ping_status":"","sticky":false,"template":"","format":"standard","meta":{"footnotes":""},"categories":[141],"tags":[33027,33028,114,115,33029,33030,149,150,32,33,19607,32854],"class_list":{"0":"post-152864","1":"post","2":"type-post","3":"status-publish","4":"format-standard","5":"has-post-thumbnail","7":"category-musica","8":"tag-artistas-na-cop30","9":"tag-dua-lipa-cop30","10":"tag-entertainment","11":"tag-entretenimento","12":"tag-global-citizen-brasil","13":"tag-mudancas-climaticas-brasil","14":"tag-music","15":"tag-musica","16":"tag-portugal","17":"tag-pt","18":"tag-radical-optimism-tour","19":"tag-shawn-mendes-belem"},"share_on_mastodon":{"url":"https:\/\/pubeurope.com\/@pt\/115554456885623469","error":""},"_links":{"self":[{"href":"https:\/\/www.europesays.com\/pt\/wp-json\/wp\/v2\/posts\/152864","targetHints":{"allow":["GET"]}}],"collection":[{"href":"https:\/\/www.europesays.com\/pt\/wp-json\/wp\/v2\/posts"}],"about":[{"href":"https:\/\/www.europesays.com\/pt\/wp-json\/wp\/v2\/types\/post"}],"author":[{"embeddable":true,"href":"https:\/\/www.europesays.com\/pt\/wp-json\/wp\/v2\/users\/2"}],"replies":[{"embeddable":true,"href":"https:\/\/www.europesays.com\/pt\/wp-json\/wp\/v2\/comments?post=152864"}],"version-history":[{"count":0,"href":"https:\/\/www.europesays.com\/pt\/wp-json\/wp\/v2\/posts\/152864\/revisions"}],"wp:featuredmedia":[{"embeddable":true,"href":"https:\/\/www.europesays.com\/pt\/wp-json\/wp\/v2\/media\/152865"}],"wp:attachment":[{"href":"https:\/\/www.europesays.com\/pt\/wp-json\/wp\/v2\/media?parent=152864"}],"wp:term":[{"taxonomy":"category","embeddable":true,"href":"https:\/\/www.europesays.com\/pt\/wp-json\/wp\/v2\/categories?post=152864"},{"taxonomy":"post_tag","embeddable":true,"href":"https:\/\/www.europesays.com\/pt\/wp-json\/wp\/v2\/tags?post=152864"}],"curies":[{"name":"wp","href":"https:\/\/api.w.org\/{rel}","templated":true}]}}