{"id":152866,"date":"2025-11-15T15:37:08","date_gmt":"2025-11-15T15:37:08","guid":{"rendered":"https:\/\/www.europesays.com\/pt\/152866\/"},"modified":"2025-11-15T15:37:08","modified_gmt":"2025-11-15T15:37:08","slug":"arbitros-a-ganhar-11-euros-avaliacoes-e-pressoes-constantes-eis-o-inicio-de-carreira-de-um-arbitro","status":"publish","type":"post","link":"https:\/\/www.europesays.com\/pt\/152866\/","title":{"rendered":"\u00c1rbitros a ganhar 11 euros, avalia\u00e7\u00f5es e press\u00f5es constantes: eis o in\u00edcio de carreira de um \u00e1rbitro"},"content":{"rendered":"<p data-remotead-prev-elm=\"true\" data-remotead-elm-id=\"inread\">S\u00e3o 4400 os \u00e1rbitros no ativo a n\u00edvel nacional, que atuam no futebol masculino, feminino, futsal, futebol de praia e desempenham as fun\u00e7\u00f5es de VAR, de acordo com os dados oficiais revelados por Duarte Gomes, diretor t\u00e9cnico do Conselho de Arbitragem (CA) da Federa\u00e7\u00e3o Portuguesa de Futebol, na primeira confer\u00eancia de Imprensa daquele organismo, que serviu de balan\u00e7o ao desempenho da arbitragem ao cabo das dez primeiras jornadas do campeonato. Um dos objetivos assumido foi a vontade de triplicar o n\u00famero de \u00e1rbitros nos pr\u00f3ximos anos, para responder \u00e0s necessidades do futebol nacional. Mas o desafio \u00e9 grande e promete obrigar a reformular a forma\u00e7\u00e3o de uma arbitragem que produz anualmente menos de 400 \u00e1rbitros a n\u00edvel nacional, apurou o JN.<\/p>\n","protected":false},"excerpt":{"rendered":"S\u00e3o 4400 os \u00e1rbitros no ativo a n\u00edvel nacional, que atuam no futebol masculino, feminino, futsal, futebol de&hellip;\n","protected":false},"author":2,"featured_media":152867,"comment_status":"","ping_status":"","sticky":false,"template":"","format":"standard","meta":{"footnotes":""},"categories":[87],"tags":[3266,24068,135,8344,32,33,134],"class_list":{"0":"post-152866","1":"post","2":"type-post","3":"status-publish","4":"format-standard","5":"has-post-thumbnail","7":"category-desporto","8":"tag-arbitragem","9":"tag-canal-ataque","10":"tag-desporto","11":"tag-formacao","12":"tag-portugal","13":"tag-pt","14":"tag-sports"},"share_on_mastodon":{"url":"https:\/\/pubeurope.com\/@pt\/115554460795112771","error":""},"_links":{"self":[{"href":"https:\/\/www.europesays.com\/pt\/wp-json\/wp\/v2\/posts\/152866","targetHints":{"allow":["GET"]}}],"collection":[{"href":"https:\/\/www.europesays.com\/pt\/wp-json\/wp\/v2\/posts"}],"about":[{"href":"https:\/\/www.europesays.com\/pt\/wp-json\/wp\/v2\/types\/post"}],"author":[{"embeddable":true,"href":"https:\/\/www.europesays.com\/pt\/wp-json\/wp\/v2\/users\/2"}],"replies":[{"embeddable":true,"href":"https:\/\/www.europesays.com\/pt\/wp-json\/wp\/v2\/comments?post=152866"}],"version-history":[{"count":0,"href":"https:\/\/www.europesays.com\/pt\/wp-json\/wp\/v2\/posts\/152866\/revisions"}],"wp:featuredmedia":[{"embeddable":true,"href":"https:\/\/www.europesays.com\/pt\/wp-json\/wp\/v2\/media\/152867"}],"wp:attachment":[{"href":"https:\/\/www.europesays.com\/pt\/wp-json\/wp\/v2\/media?parent=152866"}],"wp:term":[{"taxonomy":"category","embeddable":true,"href":"https:\/\/www.europesays.com\/pt\/wp-json\/wp\/v2\/categories?post=152866"},{"taxonomy":"post_tag","embeddable":true,"href":"https:\/\/www.europesays.com\/pt\/wp-json\/wp\/v2\/tags?post=152866"}],"curies":[{"name":"wp","href":"https:\/\/api.w.org\/{rel}","templated":true}]}}