{"id":152872,"date":"2025-11-15T15:42:08","date_gmt":"2025-11-15T15:42:08","guid":{"rendered":"https:\/\/www.europesays.com\/pt\/152872\/"},"modified":"2025-11-15T15:42:08","modified_gmt":"2025-11-15T15:42:08","slug":"planos-dos-eua-para-gaza-entre-a-fluidez-e-o-delirio-medio-oriente","status":"publish","type":"post","link":"https:\/\/www.europesays.com\/pt\/152872\/","title":{"rendered":"Planos dos EUA para Gaza entre a \u201cfluidez\u201d e o \u201cdel\u00edrio\u201d | M\u00e9dio Oriente"},"content":{"rendered":"<p>Os planos dos Estados Unidos para a Faixa de Gaza continuam a ser \u201cdin\u00e2micos\u201d ou \u201cfluidos\u201d, como disse uma fonte norte-americana ao di\u00e1rio brit\u00e2nico The Guardian, acrescentando que \u201cpoucas pessoas\u201d sabem de facto em que p\u00e9 est\u00e3o, e por ter ideias consideradas por outros como \u201cdelirantes\u201d \u2013 por exemplo a de uma for\u00e7a de estabiliza\u00e7\u00e3o internacional ter uma contribui\u00e7\u00e3o substancial de for\u00e7as da Uni\u00e3o Europeia, segundo uma das \u00faltimas vers\u00f5es do plano relatada pelo jornal.<\/p>\n<p>Apesar de mudan\u00e7as em alguma forma, continua a haver, na base dos planos dos EUA, uma ideia de <a href=\"https:\/\/www.publico.pt\/2025\/10\/29\/mundo\/noticia\/quao-temporaria-sera-nova-fronteira-gaza-2152561\" rel=\"nofollow noopener\" target=\"_blank\">divis\u00e3o da Faixa de Gaza<\/a>, um modo como parece ser vista a possibilidade de reconstruir e desenvolver uma parte do territ\u00f3rio, permitindo a entrada a apenas palestinianos sem liga\u00e7\u00e3o ao Hamas (e partindo do princ\u00edpio de que estes o quereriam) e deixar a outra ao abandono, com o objectivo de fomentar assim uma alternativa ao poder do Hamas.<\/p>\n<p>Esta ideia \u00e9 vista como potencialmente perigosa pelo analista israelita especialista em movimentos palestinianos Michael Milshtein, j\u00e1 que \u201c\u00e9 uma tentativa de manipular mentes, vidas e a pr\u00f3pria realidade, por isso \u00e9 prov\u00e1vel que acabe de um modo muito triste, e espero que n\u00e3o tr\u00e1gico\u201d, disse \u00e0 revista New Yorker.<\/p>\n<p>E faz ainda, diz o Guardian, lembrar outras experi\u00eancias falhadas norte-americanas, como em Helmand, no Afeganist\u00e3o, onde tentou que esta prov\u00edncia fosse um modelo que convencesse civis. Isso nunca aconteceu, e cerca de uma d\u00e9cada depois, os taliban voltaram ao poder no Afeganist\u00e3o.<\/p>\n<p>Isto acontece numa altura em que o Hamas parece solidificar o seu controlo do territ\u00f3rio de onde Israel retirou (as for\u00e7as israelitas continuam em 53% do territ\u00f3rio da Faixa de Gaza e, segundo a BBC, desde o in\u00edcio do cessar-fogo h\u00e1 pouco mais de um m\u00eas t\u00eam levado a cabo demoli\u00e7\u00f5es de cerca de 1500 edif\u00edcios).<\/p>\n<p>Depois de, no in\u00edcio do cessar-fogo, se tornar vis\u00edvel nas ruas, para evitar o caos, o Hamas combateu grupos que Israel tinha apoiado, inclusive com armas, levando a cabo <a href=\"https:\/\/www.publico.pt\/2025\/10\/16\/mundo\/noticia\/hamas-clas-comeca-parecer-massacre-comandante-israelita-2151096\" rel=\"nofollow noopener\" target=\"_blank\">execu\u00e7\u00f5es p\u00fablicas<\/a>.<\/p>\n<p>Agora, estaria a intervir para controlar aumento de pre\u00e7os nos mercados \u2013 a ajuda internacional que chega <a href=\"https:\/\/www.publico.pt\/2025\/11\/07\/mundo\/noticia\/fome-gaza-quer-facamos-ha-dano-nao-poderemos-reverter-2153781\" rel=\"nofollow noopener\" target=\"_blank\">ainda n\u00e3o \u00e9 suficiente<\/a> e os pre\u00e7os nos mercados voltaram a subir, e o movimento estaria a amea\u00e7ar comerciantes que n\u00e3o os baixassem, segundo a ag\u00eancia Reuters.<\/p>\n<p>O di\u00e1rio norte-americano The New York Times noticiava entretanto que o enviado especial de Trump para a regi\u00e3o, Steve Witkoff, se iria reunir directamente com representantes do Hamas para discutir o acordo de cessar-fogo.<\/p>\n<p>J\u00e1 n\u00e3o \u00e9 a primeira vez que Witkoff e o principal negociador do Hamas, Khalil al-Hayya, est\u00e3o cara a cara, mas a primeira vez foi fruto de um encontro breve, n\u00e3o planeado, durante as negocia\u00e7\u00f5es para o cessar-fogo em <a href=\"https:\/\/www.publico.pt\/2025\/10\/13\/mundo\/noticia\/acordo-paz-gaza-assinado-trabalho-arduo-comeca-2150673\" rel=\"nofollow noopener\" target=\"_blank\">Sharm el-Sheikh<\/a> (chegou a ser considerado que, al\u00e9m da press\u00e3o dos aliados, a reuni\u00e3o directa entre respons\u00e1veis dos EUA e do Hamas foi o que levou o movimento a aceitar o acordo).<\/p>\n<p>O cessar-fogo continua fr\u00e1gil e a Faixa de Gaza numa <a href=\"https:\/\/www.publico.pt\/2025\/11\/12\/mundo\/noticia\/gaza-limbo-guerra-paz-2154248\" rel=\"nofollow noopener\" target=\"_blank\">situa\u00e7\u00e3o muito prec\u00e1ria<\/a>, com falta de comida e, desde as chuvas torrenciais da madrugada de sexta-feira, com <a href=\"https:\/\/www.publico.pt\/2025\/11\/14\/mundo\/noticia\/tendas-inundadas-primeiras-chuvas-fortes-gaza-2154673\" rel=\"nofollow noopener\" target=\"_blank\">tendas inundadas<\/a> a falta de abrigo para a popula\u00e7\u00e3o, na sua maioria deslocada.<\/p>\n<p>Obst\u00e1culos para os EUA no Conselho de Seguran\u00e7a<\/p>\n<p>Os Estados Unidos est\u00e3o a discutir no Conselho de Seguran\u00e7a da ONU um projecto de resolu\u00e7\u00e3o que pudesse levar \u00e0 desloca\u00e7\u00e3o de uma for\u00e7a internacional de estabiliza\u00e7\u00e3o para a Faixa de Gaza, mas v\u00e1rios pa\u00edses t\u00eam dito que n\u00e3o ir\u00e3o contribuir enquanto o quadro de actua\u00e7\u00e3o n\u00e3o ficar mais bem definido \u2013 nenhum pa\u00eds quer ter a miss\u00e3o de desarmar o Hamas, o que o movimento islamista palestiniano tem recusado fazer.<\/p>\n<p>Enquanto a primeira <a href=\"https:\/\/www.publico.pt\/2025\/11\/06\/mundo\/noticia\/eua-apresentam-plano-forca-estabilizacao-gaza-conselho-seguranca-2153629\" rel=\"nofollow noopener\" target=\"_blank\">proposta de resolu\u00e7\u00e3o<\/a> era baseada no plano de vinte pontos de Donald Trump e a sua aprova\u00e7\u00e3o apresentada como a alternativa a um regresso da guerra a Gaza, os Estados Unidos ter\u00e3o feito algumas altera\u00e7\u00f5es depois de v\u00e1rios pa\u00edses, incluindo europeus, dizerem querer que haja um maior compromisso com um Estado palestiniano, e ainda uma maior clareza na defini\u00e7\u00e3o da entidade internacional que iria supervisionar o governo da Faixa de Gaza.<\/p>\n<p>Os Estados Unidos fizeram uma pequena mudan\u00e7a, incluindo um acrescento: que ap\u00f3s uma reforma completa da Autoridade Palestiniana, poder\u00e1 haver condi\u00e7\u00f5es para \u201cuma via para a auto-determina\u00e7\u00e3o e um <a href=\"https:\/\/www.publico.pt\/2025\/07\/30\/mundo\/noticia\/vezes-proclamado-concretizado-estado-palestiniano-2142352\" rel=\"nofollow noopener\" target=\"_blank\">Estado palestiniano<\/a>\u201d, cita o New York Times.<\/p>\n<p>Washington esperaria que a resolu\u00e7\u00e3o fosse aprovada no in\u00edcio da pr\u00f3xima semana, segundo o Guardian, mas o New York Times relata que a R\u00fassia ter\u00e1 apresentado a sua pr\u00f3pria proposta de resolu\u00e7\u00e3o, citando tr\u00eas diplomatas, com uma linguagem clara sobre uma solu\u00e7\u00e3o de dois Estados e da n\u00e3o-separa\u00e7\u00e3o da Cisjord\u00e2nia e da Faixa de Gaza.<\/p>\n","protected":false},"excerpt":{"rendered":"Os planos dos Estados Unidos para a Faixa de Gaza continuam a ser \u201cdin\u00e2micos\u201d ou \u201cfluidos\u201d, como disse&hellip;\n","protected":false},"author":2,"featured_media":152873,"comment_status":"","ping_status":"","sticky":false,"template":"","format":"standard","meta":{"footnotes":""},"categories":[50],"tags":[27,28,32900,92,235,257,15,16,255,14,259,25,26,21,22,432,62,12,13,19,20,23,24,17,18,29,30,31,636,63,64,65],"class_list":{"0":"post-152872","1":"post","2":"type-post","3":"status-publish","4":"format-standard","5":"has-post-thumbnail","7":"category-mundo","8":"tag-breaking-news","9":"tag-breakingnews","10":"tag-conselho-de-seguranca-da-onu","11":"tag-donald-trump","12":"tag-estados-unidos","13":"tag-faixa-de-gaza","14":"tag-featured-news","15":"tag-featurednews","16":"tag-hamas","17":"tag-headlines","18":"tag-israel","19":"tag-latest-news","20":"tag-latestnews","21":"tag-main-news","22":"tag-mainnews","23":"tag-medio-oriente","24":"tag-mundo","25":"tag-news","26":"tag-noticias","27":"tag-noticias-principais","28":"tag-noticiasprincipais","29":"tag-principais-noticias","30":"tag-principaisnoticias","31":"tag-top-stories","32":"tag-topstories","33":"tag-ultimas","34":"tag-ultimas-noticias","35":"tag-ultimasnoticias","36":"tag-uniao-europeia","37":"tag-world","38":"tag-world-news","39":"tag-worldnews"},"share_on_mastodon":{"url":"","error":"Validation failed: Text character limit of 500 exceeded"},"_links":{"self":[{"href":"https:\/\/www.europesays.com\/pt\/wp-json\/wp\/v2\/posts\/152872","targetHints":{"allow":["GET"]}}],"collection":[{"href":"https:\/\/www.europesays.com\/pt\/wp-json\/wp\/v2\/posts"}],"about":[{"href":"https:\/\/www.europesays.com\/pt\/wp-json\/wp\/v2\/types\/post"}],"author":[{"embeddable":true,"href":"https:\/\/www.europesays.com\/pt\/wp-json\/wp\/v2\/users\/2"}],"replies":[{"embeddable":true,"href":"https:\/\/www.europesays.com\/pt\/wp-json\/wp\/v2\/comments?post=152872"}],"version-history":[{"count":0,"href":"https:\/\/www.europesays.com\/pt\/wp-json\/wp\/v2\/posts\/152872\/revisions"}],"wp:featuredmedia":[{"embeddable":true,"href":"https:\/\/www.europesays.com\/pt\/wp-json\/wp\/v2\/media\/152873"}],"wp:attachment":[{"href":"https:\/\/www.europesays.com\/pt\/wp-json\/wp\/v2\/media?parent=152872"}],"wp:term":[{"taxonomy":"category","embeddable":true,"href":"https:\/\/www.europesays.com\/pt\/wp-json\/wp\/v2\/categories?post=152872"},{"taxonomy":"post_tag","embeddable":true,"href":"https:\/\/www.europesays.com\/pt\/wp-json\/wp\/v2\/tags?post=152872"}],"curies":[{"name":"wp","href":"https:\/\/api.w.org\/{rel}","templated":true}]}}