{"id":152874,"date":"2025-11-15T15:45:16","date_gmt":"2025-11-15T15:45:16","guid":{"rendered":"https:\/\/www.europesays.com\/pt\/152874\/"},"modified":"2025-11-15T15:45:16","modified_gmt":"2025-11-15T15:45:16","slug":"m-martan-processa-emma-e-first-class-por-anuncio-no-google-14-11-2025-painel-s-a","status":"publish","type":"post","link":"https:\/\/www.europesays.com\/pt\/152874\/","title":{"rendered":"M.Martan processa Emma e First Class por an\u00fancio no Google &#8211; 14\/11\/2025 &#8211; Painel S.A."},"content":{"rendered":"<p>A dona da M.Martan foi \u00e0 Justi\u00e7a de S\u00e3o Paulo contra as marcas Emma e First Class, que estariam usando o nome da primeira na <a href=\"https:\/\/www1.folha.uol.com.br\/mercado\/2022\/02\/links-patrocinados-no-google-sao-campo-de-batalha-entre-empresas.shtml\" rel=\"nofollow noopener\" target=\"\">compra de palavras-chave<\/a> para busca no <a href=\"https:\/\/www1.folha.uol.com.br\/folha-topicos\/google\/\" rel=\"nofollow noopener\" target=\"_blank\">Google<\/a>. Segundo a Ammo <a href=\"https:\/\/www1.folha.uol.com.br\/folha-topicos\/varejo\/\" rel=\"nofollow noopener\" target=\"_blank\">Varejo<\/a>, dona da M.Martan, quando algu\u00e9m colocava o nome da marca no buscador, os links patrocinados eram dessas duas empresas concorrentes.<\/p>\n<p>Uma liminar garantia que elas fossem proibidas de comprar os termos para buscas patrocinadas, mas, segundo a advogada Juliana Motter Araujo, que representa a Ammo Varejo na a\u00e7\u00e3o, a decis\u00e3o n\u00e3o vinha sendo cumprida.<\/p>\n<p>A pedido da M.Martan, as duas empresas foram notificadas pela Justi\u00e7a em agosto para que comprovem o cumprimento da decis\u00e3o. A Ammo, que pertence ao <a href=\"https:\/\/www1.folha.uol.com.br\/mercado\/2025\/02\/coteminas-propoe-pagamento-a-credores-em-2055-ou-via-fundo-de-investimento-imobiliario.shtml\" rel=\"nofollow noopener\" target=\"\">grupo Coteminas<\/a>, atualmente em <a href=\"https:\/\/www1.folha.uol.com.br\/folha-topicos\/recuperacao-judicial\/\" rel=\"nofollow noopener\" target=\"_blank\">recupera\u00e7\u00e3o judicial<\/a> em Minas Gerais, ainda espera o julgamento definitivo da a\u00e7\u00e3o.<\/p>\n<p>O principal produto da Emma s\u00e3o os colch\u00f5es, mas a empresa vende tamb\u00e9m travesseiros, protetores, roupa de cama e camas. J\u00e1 a First Class atua no segmento de cama e banho, com a venda de len\u00e7\u00f3is, toalhas e acess\u00f3rios, como travesseiros e pillow tops (camada extra colocada sobre o colch\u00e3o).<\/p>\n<p>A defesa da M.Martan diz que as concorrentes compravam palavras-chave iguais aos nomes da marca e algumas varia\u00e7\u00f5es, como a letra m no final.<\/p>\n<p>Na 1\u00aa Vara Empresarial e de Conflitos de Arbitragem, a ju\u00edza Larissa Gaspart Tunala considerou que a M.Martan n\u00e3o tinha comprovado a efetiva aquisi\u00e7\u00e3o das palavras-chave.<\/p>\n<p>&#8220;Parece haver uma confus\u00e3o generalizada, inclusive da jurisprud\u00eancia, em entender que todo conte\u00fado &#8216;patrocinado&#8217;, a partir de uma pesquisa do Google, seria decorrente de contrata\u00e7\u00e3o de palavra-chave, nexo causal que nem sempre \u00e9 verdadeiro&#8221;, escreveu na decis\u00e3o.<\/p>\n<p>A Ammo recorreu e conseguiu a proibi\u00e7\u00e3o do uso de sua marca nas buscas das concorrentes. A 1\u00aa C\u00e2mara Reservada de Direito Empresarial do Tribunal de Justi\u00e7a de S\u00e3o Paulo concedeu decis\u00e3o provis\u00f3ria em meados de junho.<\/p>\n<p>Os desembargadores consideraram um enunciado do Grupo de C\u00e2maras Reservadas de Direito Empresarial do TJ-SP que considera concorr\u00eancia desleal &#8220;a utiliza\u00e7\u00e3o de elemento nominativo de marca registrada alheia, nome empresarial ou t\u00edtulo do estabelecimento&#8221; em an\u00fancios contratados nos provedores de busca.<\/p>\n<p class=\"c-context__content\">&#13;<br \/>\n    <strong>LINK PRESENTE:<\/strong> Gostou deste texto? Assinante pode liberar sete acessos gratuitos de qualquer link por dia. Basta clicar no F azul abaixo.&#13;\n  <\/p>\n","protected":false},"excerpt":{"rendered":"A dona da M.Martan foi \u00e0 Justi\u00e7a de S\u00e3o Paulo contra as marcas Emma e First Class, que&hellip;\n","protected":false},"author":2,"featured_media":152875,"comment_status":"","ping_status":"","sticky":false,"template":"","format":"standard","meta":{"footnotes":""},"categories":[145],"tags":[211,210,3398,114,115,236,643,549,603,32,33,5358],"class_list":{"0":"post-152874","1":"post","2":"type-post","3":"status-publish","4":"format-standard","5":"has-post-thumbnail","7":"category-celebridades","8":"tag-celebridades","9":"tag-celebrities","10":"tag-comercio","11":"tag-entertainment","12":"tag-entretenimento","13":"tag-folha","14":"tag-google","15":"tag-internet","16":"tag-justica","17":"tag-portugal","18":"tag-pt","19":"tag-varejo"},"share_on_mastodon":{"url":"https:\/\/pubeurope.com\/@pt\/115554492285190328","error":""},"_links":{"self":[{"href":"https:\/\/www.europesays.com\/pt\/wp-json\/wp\/v2\/posts\/152874","targetHints":{"allow":["GET"]}}],"collection":[{"href":"https:\/\/www.europesays.com\/pt\/wp-json\/wp\/v2\/posts"}],"about":[{"href":"https:\/\/www.europesays.com\/pt\/wp-json\/wp\/v2\/types\/post"}],"author":[{"embeddable":true,"href":"https:\/\/www.europesays.com\/pt\/wp-json\/wp\/v2\/users\/2"}],"replies":[{"embeddable":true,"href":"https:\/\/www.europesays.com\/pt\/wp-json\/wp\/v2\/comments?post=152874"}],"version-history":[{"count":0,"href":"https:\/\/www.europesays.com\/pt\/wp-json\/wp\/v2\/posts\/152874\/revisions"}],"wp:featuredmedia":[{"embeddable":true,"href":"https:\/\/www.europesays.com\/pt\/wp-json\/wp\/v2\/media\/152875"}],"wp:attachment":[{"href":"https:\/\/www.europesays.com\/pt\/wp-json\/wp\/v2\/media?parent=152874"}],"wp:term":[{"taxonomy":"category","embeddable":true,"href":"https:\/\/www.europesays.com\/pt\/wp-json\/wp\/v2\/categories?post=152874"},{"taxonomy":"post_tag","embeddable":true,"href":"https:\/\/www.europesays.com\/pt\/wp-json\/wp\/v2\/tags?post=152874"}],"curies":[{"name":"wp","href":"https:\/\/api.w.org\/{rel}","templated":true}]}}