{"id":152882,"date":"2025-11-15T15:55:14","date_gmt":"2025-11-15T15:55:14","guid":{"rendered":"https:\/\/www.europesays.com\/pt\/152882\/"},"modified":"2025-11-15T15:55:14","modified_gmt":"2025-11-15T15:55:14","slug":"queda-da-bitcoin-assusta-o-mercado","status":"publish","type":"post","link":"https:\/\/www.europesays.com\/pt\/152882\/","title":{"rendered":"Queda da bitcoin assusta o mercado"},"content":{"rendered":"<p class=\"wp-caption-text top\"><a href=\"https:\/\/secure.flickr.com\/photos\/lockergnome\/14520464435\/sizes\/o\/\" rel=\"nofollow external noopener noreferrer\" data-wpel-link=\"external\" target=\"_blank\" class=\"ext-link\">lockergnome \/ Flickr <\/a><\/p>\n<p><img decoding=\"async\" loading=\"lazy\" class=\"wp-image-62172 size-kopa-image-size-3\" src=\"https:\/\/www.europesays.com\/pt\/wp-content\/uploads\/2025\/11\/462e79b43889a29558c6a1cb39c6355a-750x450.jpg\" alt=\"\" width=\"700\" height=\"420\"\/><\/p>\n<p><strong>N\u00edvel mais baixo dos \u00faltimos seis meses. H\u00e1 analistas que v\u00eam os novos n\u00fameros como um mau sinal para a criptomoeda.<\/strong><\/p>\n<p>A semana n\u00e3o correu (nada) bem para os investidores em criptomoedas, nomeadamente para quem investe ou investiu na <strong>bitcoin.<\/strong><\/p>\n<p>A criptomoeda mais conhecida \u2013 e a maior do mercado \u2013 caiu <strong>abaixo da marca \u201cpsicol\u00f3gica\u201d dos 100 mil d\u00f3lares<\/strong>. \u00c9 o valor mais baixo ao longo dos \u00faltimos seis meses, desde Maio que n\u00e3o chegava a este ponto.<\/p>\n<p>E, recorde-se, o contexto de Maio era muito espec\u00edfico: ainda as \u201condas\u201d das tarifas, da guerra comercial anunciada por Donald Trump, presidente dos EUA.<\/p>\n<p>H\u00e1 uma evidente <strong>crise de confian\u00e7a<\/strong>. Que se intensifica, avisa o <a href=\"https:\/\/www.handelsblatt.com\/finanzen\/maerkte\/devisen-rohstoffe\/bitcoin-vertrauenskrise-bei-kryptowaehrungen-verschaerft-sich\/100174573.html\" data-wpel-link=\"external\" target=\"_blank\" rel=\"nofollow external noopener noreferrer\" class=\"ext-link\">Handelsblatt<\/a>. O analista<strong> Timo Emden<\/strong> v\u00ea a nova queda do Bitcoin abaixo da marca dos 1.000 d\u00f3lares como um <strong>mau sinal.<\/strong><\/p>\n<p>A revista <a href=\"https:\/\/exame.com\/future-of-money\/bitcoin-entrou-em-ciclo-de-queda-especialista-aponta-preco-chave-para-o-ativo\/\" data-wpel-link=\"external\" target=\"_blank\" rel=\"nofollow external noopener noreferrer\" class=\"ext-link\">Exame<\/a> acrescenta que a queda prolongada da bitcoin nesta semana <strong>\u201cassustou o mercado\u201d<\/strong>, e tamb\u00e9m refor\u00e7ou as especula\u00e7\u00f5es sobre um eventual <strong>ciclo de queda<\/strong> da famosa criptomoeda.<\/p>\n<p>Mas h\u00e1 especialistas que n\u00e3o est\u00e3o pessimistas sobre o assunto.<\/p>\n<p>Ki Young Ju, da CryptoQuant, <a href=\"https:\/\/x.com\/ki_young_ju\/status\/1989218591137493414\" data-wpel-link=\"external\" target=\"_blank\" rel=\"nofollow external noopener noreferrer\" class=\"ext-link\">apontou<\/a>: \u201cQuem entrou no mercado da bitcoin h\u00e1 6 ou 12 meses tem um pre\u00e7o m\u00e9dio de investimento pr\u00f3ximo de<strong> 94 mil d\u00f3lares. N\u00e3o acho que o ciclo de queda esteja confirmado<\/strong> a menos que percamos esse n\u00edvel. Prefiro esperar do que tirar conclus\u00f5es precipitadas\u201d.<\/p>\n<p>Enquanto houver um <strong>fluxo de capital<\/strong> \u2013 e est\u00e1 a haver, continua a haver investimento \u2013 n\u00e3o \u00e9 um ciclo de queda, continuou o especialista.<\/p>\n<p>ETFs?<\/p>\n<p>Outro especialista, <strong>Chris Kuiper<\/strong>, tem outra perspectiva:<strong> s\u00e3o os investidores mais antigos<\/strong> que est\u00e3o a causar este decl\u00ednio lento, gradual e constante.<\/p>\n<p>Est\u00e1 a haver um<strong> \u201cmovimento de compra vis\u00edvel\u201d<\/strong> no mercado tradicional por parte de empresas e investidores de <a href=\"https:\/\/zap.aeiou.pt\/saber-investir-afinal-o-que-sao-etfs-710084\" data-wpel-link=\"internal\" rel=\"nofollow noopener\" target=\"_blank\">ETFs<\/a>.<\/p>\n<p>Kuiper admitiu que at\u00e9 os clientes da sua empresa, a Fidelity, que investem no bitcoin h\u00e1 mais tempo, t\u00eam relatado um <strong>\u201ccansa\u00e7o\u201d<\/strong> em rela\u00e7\u00e3o a esta criptomoeda. Ou seja, <strong>preferem experimentar ETFs<\/strong>.<\/p>\n<p>Corre-se o risco que este movimento de venda evidente crie um pessimismo generalizado; sobretudo tendo em conta a incerteza econ\u00f3mica mundial actual. E quando surge uma bola de neve\u2026<\/p>\n<p>    <a href=\"https:\/\/zap.aeiou.pt\/subscrever-newsletter\" data-wpel-link=\"internal\" rel=\"nofollow noopener\" target=\"_blank\">&#13;<br \/>\n        <img loading=\"lazy\" decoding=\"async\" class=\"aligncenter size-full wp-image-575475\" src=\"https:\/\/www.europesays.com\/pt\/wp-content\/uploads\/2025\/11\/2d51fe4a0ba54894421ead1809309ed9-1-450x140.jpg\" alt=\"Subscreva a Newsletter ZAP\" width=\"450\" height=\"140\"\/>&#13;<br \/>\n    <\/a><\/p>\n<p>                <a href=\"https:\/\/whatsapp.com\/channel\/0029VaIC4EE2f3EJZPPSbR34\" data-wpel-link=\"external\" target=\"_blank\" rel=\"nofollow external noopener noreferrer\" class=\"ext-link\">&#13;<br \/>\n                    <img loading=\"lazy\" decoding=\"async\" class=\"aligncenter size-full wp-image-575475\" src=\"https:\/\/www.europesays.com\/pt\/wp-content\/uploads\/2025\/11\/c68c559d956d4ca20f435ed74a6e71e6.png\" alt=\"Siga-nos no WhatsApp\" width=\"175\" height=\"64\"\/>&#13;<br \/>\n                <\/a><\/p>\n<p>                <a href=\"https:\/\/news.google.com\/publications\/CAAiEHRwZondIV71PDjWNoqMduEqFAgKIhB0cGaJ3SFe9Tw41jaKjHbh?hl=en-US&amp;gl=US&amp;ceid=US%3Aen\" data-wpel-link=\"external\" target=\"_blank\" rel=\"nofollow external noopener noreferrer\" class=\"ext-link\">&#13;<br \/>\n                    <img loading=\"lazy\" decoding=\"async\" class=\"aligncenter size-full wp-image-575475\" src=\"https:\/\/www.europesays.com\/pt\/wp-content\/uploads\/2025\/11\/5123dd8b087b644fdb8f8603acd1bad4.png\" alt=\"Siga-nos no Google News\" width=\"176\" height=\"64\"\/>&#13;<br \/>\n                <\/a><\/p>\n","protected":false},"excerpt":{"rendered":"lockergnome \/ Flickr N\u00edvel mais baixo dos \u00faltimos seis meses. H\u00e1 analistas que v\u00eam os novos n\u00fameros como&hellip;\n","protected":false},"author":2,"featured_media":152883,"comment_status":"","ping_status":"","sticky":false,"template":"","format":"standard","meta":{"footnotes":""},"categories":[83],"tags":[15062,88,21065,1359,89,90,97,32,33],"class_list":{"0":"post-152882","1":"post","2":"type-post","3":"status-publish","4":"format-standard","5":"has-post-thumbnail","7":"category-empresas","8":"tag-bitcoin","9":"tag-business","10":"tag-criptomoedas","11":"tag-dinheiro","12":"tag-economy","13":"tag-empresas","14":"tag-mercados","15":"tag-portugal","16":"tag-pt"},"share_on_mastodon":{"url":"https:\/\/pubeurope.com\/@pt\/115554531955578404","error":""},"_links":{"self":[{"href":"https:\/\/www.europesays.com\/pt\/wp-json\/wp\/v2\/posts\/152882","targetHints":{"allow":["GET"]}}],"collection":[{"href":"https:\/\/www.europesays.com\/pt\/wp-json\/wp\/v2\/posts"}],"about":[{"href":"https:\/\/www.europesays.com\/pt\/wp-json\/wp\/v2\/types\/post"}],"author":[{"embeddable":true,"href":"https:\/\/www.europesays.com\/pt\/wp-json\/wp\/v2\/users\/2"}],"replies":[{"embeddable":true,"href":"https:\/\/www.europesays.com\/pt\/wp-json\/wp\/v2\/comments?post=152882"}],"version-history":[{"count":0,"href":"https:\/\/www.europesays.com\/pt\/wp-json\/wp\/v2\/posts\/152882\/revisions"}],"wp:featuredmedia":[{"embeddable":true,"href":"https:\/\/www.europesays.com\/pt\/wp-json\/wp\/v2\/media\/152883"}],"wp:attachment":[{"href":"https:\/\/www.europesays.com\/pt\/wp-json\/wp\/v2\/media?parent=152882"}],"wp:term":[{"taxonomy":"category","embeddable":true,"href":"https:\/\/www.europesays.com\/pt\/wp-json\/wp\/v2\/categories?post=152882"},{"taxonomy":"post_tag","embeddable":true,"href":"https:\/\/www.europesays.com\/pt\/wp-json\/wp\/v2\/tags?post=152882"}],"curies":[{"name":"wp","href":"https:\/\/api.w.org\/{rel}","templated":true}]}}