{"id":152886,"date":"2025-11-15T15:57:08","date_gmt":"2025-11-15T15:57:08","guid":{"rendered":"https:\/\/www.europesays.com\/pt\/152886\/"},"modified":"2025-11-15T15:57:08","modified_gmt":"2025-11-15T15:57:08","slug":"montenegro-anuncia-comando-operacional-para-bombeiros-na-reorganizacao-da-protecao-civil","status":"publish","type":"post","link":"https:\/\/www.europesays.com\/pt\/152886\/","title":{"rendered":"Montenegro anuncia comando operacional para bombeiros na reorganiza\u00e7\u00e3o da Prote\u00e7\u00e3o Civil"},"content":{"rendered":"<p data-remotead-prev-elm=\"true\" data-remotead-elm-id=\"inread\">&#8220;Temos em discuss\u00e3o interna um novo enquadramento que ter\u00e1 um impulso de clarifica\u00e7\u00e3o de responsabilidades um intuito de maior coordena\u00e7\u00e3o operacional, um objetivo de maior coer\u00eancia territorial e funcional do sistema&#8221; nacional de opera\u00e7\u00f5es se Socorro, afirmou Luis Montenegro, adiantando que, no \u00e2mbito da reorganiza\u00e7\u00e3o org\u00e2nica da Autoridade Nacional de Emerg\u00eancia e Prote\u00e7\u00e3o Civil (ANEPC), ser\u00e1 criado &#8220;um comando operacional com duas vertentes: a vertente essencial da prote\u00e7\u00e3o civil, mas tamb\u00e9m uma vertente de comando ao n\u00edvel dos bombeiros, na gest\u00e3o de opera\u00e7\u00f5es&#8221;.<\/p>\n<p>O primeiro ministro, que presidiu hoje \u00e0 abertura do 45.\u00ba Congresso da Liga dos Bombeiros Portugueses, em Alcoba\u00e7a, no distrito de Leiria, avan\u00e7ou um conjunto de medidas que o Governo pretende concretizar e garantiu aos cerca de 700 congressistas que, &#8220;nos pr\u00f3ximos dias&#8221;, estar\u00e1 dispon\u00edvel &#8220;o refor\u00e7o or\u00e7amental que a ANEPC solicitou ao Governo, no valor de 27 milh\u00f5es de euros&#8221;, para pagamento das despesas extraordin\u00e1rias do dispositivo de combate a inc\u00eandios rurais e as despesas correspondentes \u00e0 majora\u00e7\u00e3o de 25% na retribui\u00e7\u00e3o aos bombeiros que integraram o dispositivo de combate aos fogos.<\/p>\n<p>Luis Montenegro anunciou ainda que ser\u00e1 tamb\u00e9m alocado a um programa de aquisi\u00e7\u00e3o de ve\u00edculos florestais um apoio de 10 milh\u00f5es de euros, atribu\u00eddo por Timor-Leste para compensa\u00e7\u00e3o das regi\u00f5es mais afetadas pelos inc\u00eandios rurais de 2025.<\/p>\n<p data-remotead-prev-elm=\"true\" data-remotead-elm-id=\"centro1\">Entre as medidas elencadas, o primeiro-ministro aludiu \u00e0 cria\u00e7\u00e3o de um regime jur\u00eddico que consagre as carreiras profissionais dos colaboradores permanentes do movimento associativo de bombeiros.<\/p>\n<p>&#8220;Assumimos esse desafio e vamos faz\u00ea-lo com o intuito de garantir mais estabilidade, mais possibilidade de progress\u00e3o e, portanto, tamb\u00e9m mais capacidade de atrair e reter recursos humanos, porque sem atrair e reter recursos humanos a sustentabilidade de todo o setor estar\u00e1 colocada em causa&#8221;, disse.<\/p>\n<p>O Governo pretende ainda promover a profissionaliza\u00e7\u00e3o da primeira interven\u00e7\u00e3o com o objetivo de que &#8220;em cada concelho haja pelo menos tr\u00eas equipas de interven\u00e7\u00e3o permanente&#8221; e assegurar o financiamento permanente das corpora\u00e7\u00f5es de bombeiros para evitar que se esteja &#8220;sempre a falar em financiamentos extraordin\u00e1rios&#8221;.<\/p>\n<p data-remotead-prev-elm=\"true\" data-remotead-elm-id=\"centro2\">Montenegro afirmou que o Governo pretende agilizar os procedimentos das transfer\u00eancias financeiras do Fundo de Prote\u00e7\u00e3o Social do Bombeiro para garantir &#8220;pagamentos mais r\u00e1pidos e mais eficazes&#8221;, fomentar o aumento da forma\u00e7\u00e3o e capacita\u00e7\u00e3o de bombeiros e que continuar\u00e1, no pr\u00f3ximo ano, a tentar refor\u00e7ar os meios dispositivo especial de combate a inc\u00eandios rurais e da For\u00e7a Especial de Prote\u00e7\u00e3o Civil que admitiu &#8220;multiplicar por tr\u00eas, ou por quatro&#8221;.<\/p>\n<p>Medidas que, segundo Montenegro, espelham o compromisso do Governo de que o programa previsto para os Bombeiros &#8220;\u00e9 para levar a s\u00e9rio, \u00e9 para executar numa rela\u00e7\u00e3o de parceria com todos os representantes deste movimento&#8221;.<\/p>\n<p>O congresso da LBP decorre at\u00e9 domingo, &#8220;num momento de grande insatisfa\u00e7\u00e3o&#8221; dos bombeiros volunt\u00e1rios que exigem respostas do Governo sobre financiamento, carreiras e apoios ao voluntariado.<\/p>\n<p>No congresso, que conta com mais de 700 inscritos, ser\u00e1 decidida a realiza\u00e7\u00e3o de protestos caso o Governo n\u00e3o d\u00ea garantias sobre a resolu\u00e7\u00e3o dos problemas e no cumprimento do programa do Governo.<\/p>\n","protected":false},"excerpt":{"rendered":"&#8220;Temos em discuss\u00e3o interna um novo enquadramento que ter\u00e1 um impulso de clarifica\u00e7\u00e3o de responsabilidades um intuito de&hellip;\n","protected":false},"author":2,"featured_media":152887,"comment_status":"","ping_status":"","sticky":false,"template":"","format":"standard","meta":{"footnotes":""},"categories":[10],"tags":[627,27,28,15,16,301,14,25,26,1447,21,22,619,12,13,19,20,32,23,24,4908,33,17,18,29,30,31],"class_list":{"0":"post-152886","1":"post","2":"type-post","3":"status-publish","4":"format-standard","5":"has-post-thumbnail","7":"category-portugal","8":"tag-bombeiros","9":"tag-breaking-news","10":"tag-breakingnews","11":"tag-featured-news","12":"tag-featurednews","13":"tag-governo","14":"tag-headlines","15":"tag-latest-news","16":"tag-latestnews","17":"tag-luis-montenegro","18":"tag-main-news","19":"tag-mainnews","20":"tag-nacional","21":"tag-news","22":"tag-noticias","23":"tag-noticias-principais","24":"tag-noticiasprincipais","25":"tag-portugal","26":"tag-principais-noticias","27":"tag-principaisnoticias","28":"tag-protecao-civil","29":"tag-pt","30":"tag-top-stories","31":"tag-topstories","32":"tag-ultimas","33":"tag-ultimas-noticias","34":"tag-ultimasnoticias"},"share_on_mastodon":{"url":"https:\/\/pubeurope.com\/@pt\/115554539485004358","error":""},"_links":{"self":[{"href":"https:\/\/www.europesays.com\/pt\/wp-json\/wp\/v2\/posts\/152886","targetHints":{"allow":["GET"]}}],"collection":[{"href":"https:\/\/www.europesays.com\/pt\/wp-json\/wp\/v2\/posts"}],"about":[{"href":"https:\/\/www.europesays.com\/pt\/wp-json\/wp\/v2\/types\/post"}],"author":[{"embeddable":true,"href":"https:\/\/www.europesays.com\/pt\/wp-json\/wp\/v2\/users\/2"}],"replies":[{"embeddable":true,"href":"https:\/\/www.europesays.com\/pt\/wp-json\/wp\/v2\/comments?post=152886"}],"version-history":[{"count":0,"href":"https:\/\/www.europesays.com\/pt\/wp-json\/wp\/v2\/posts\/152886\/revisions"}],"wp:featuredmedia":[{"embeddable":true,"href":"https:\/\/www.europesays.com\/pt\/wp-json\/wp\/v2\/media\/152887"}],"wp:attachment":[{"href":"https:\/\/www.europesays.com\/pt\/wp-json\/wp\/v2\/media?parent=152886"}],"wp:term":[{"taxonomy":"category","embeddable":true,"href":"https:\/\/www.europesays.com\/pt\/wp-json\/wp\/v2\/categories?post=152886"},{"taxonomy":"post_tag","embeddable":true,"href":"https:\/\/www.europesays.com\/pt\/wp-json\/wp\/v2\/tags?post=152886"}],"curies":[{"name":"wp","href":"https:\/\/api.w.org\/{rel}","templated":true}]}}