{"id":152892,"date":"2025-11-15T16:05:10","date_gmt":"2025-11-15T16:05:10","guid":{"rendered":"https:\/\/www.europesays.com\/pt\/152892\/"},"modified":"2025-11-15T16:05:10","modified_gmt":"2025-11-15T16:05:10","slug":"houve-70-adeptos-feridos-no-jogo-particular-entre-angola-e-argentina-futebol-internacional","status":"publish","type":"post","link":"https:\/\/www.europesays.com\/pt\/152892\/","title":{"rendered":"Houve 70 adeptos feridos no jogo particular entre Angola e Argentina | Futebol internacional"},"content":{"rendered":"<p>O Instituto de Emerg\u00eancias M\u00e9dicas de Angola indicou neste s\u00e1bado que registou 70 feridos no jogo particular, de sexta-feira, entre as selec\u00e7\u00f5es de futebol angolana e argentina, num particular enquadrado nas celebra\u00e7\u00f5es dos 50 anos da independ\u00eancia do pa\u00eds africano.<\/p>\n<p>Entre as ocorr\u00eancias, constam 23 casos de trauma em pessoas que foram pisadas devido \u00e0 enchente e por quedas, que resultaram da tentativa de entrada for\u00e7ada no Est\u00e1dio 11 de Novembro, em Luanda, um recinto desportivo com capacidade para 50 mil pessoas, com a Federa\u00e7\u00e3o Angolana de Futebol a colocar \u00e0 disposi\u00e7\u00e3o 48 mil ingressos.<\/p>\n<p>Outros 47 adeptos necessitaram de socorro m\u00e9dico por manifestarem cefaleia e hipertens\u00e3o.<\/p>\n<p>O jogo ficou tamb\u00e9m marcado pelo confronto entre centenas de adeptos e a pol\u00edcia angolana no exterior do est\u00e1dio, antes e durante o encontro, ap\u00f3s as autoridades policiais impedirem o acesso ao recinto desportivo por falta de bilhetes, uso de chinelos, pastas, bon\u00e9s e outros materiais.<\/p>\n<p>A medida provocou a f\u00faria dos adeptos, que se insurgiram contra os efectivos da pol\u00edcia angolana, com os confrontos a obrigarem ao encerramento de v\u00e1rias portas do est\u00e1dio, n\u00e3o existindo registo de deten\u00e7\u00f5es.<\/p>\n<p>No relvado, a Argentina venceu por 2-0, com golos de Lautaro Mart\u00ednez, aos 43 minutos, ap\u00f3s passe de Messi \u00e0 entrada da grande \u00e1rea, e aos 81 minutos do pr\u00f3prio capit\u00e3o da selec\u00e7\u00e3o &#8220;albiceleste&#8221;.<\/p>\n","protected":false},"excerpt":{"rendered":"O Instituto de Emerg\u00eancias M\u00e9dicas de Angola indicou neste s\u00e1bado que registou 70 feridos no jogo particular, de&hellip;\n","protected":false},"author":2,"featured_media":152893,"comment_status":"","ping_status":"","sticky":false,"template":"","format":"standard","meta":{"footnotes":""},"categories":[87],"tags":[1063,135,138,32,33,1717,134],"class_list":{"0":"post-152892","1":"post","2":"type-post","3":"status-publish","4":"format-standard","5":"has-post-thumbnail","7":"category-desporto","8":"tag-angola","9":"tag-desporto","10":"tag-futebol-internacional","11":"tag-portugal","12":"tag-pt","13":"tag-seguranca","14":"tag-sports"},"share_on_mastodon":{"url":"https:\/\/pubeurope.com\/@pt\/115554570956285816","error":""},"_links":{"self":[{"href":"https:\/\/www.europesays.com\/pt\/wp-json\/wp\/v2\/posts\/152892","targetHints":{"allow":["GET"]}}],"collection":[{"href":"https:\/\/www.europesays.com\/pt\/wp-json\/wp\/v2\/posts"}],"about":[{"href":"https:\/\/www.europesays.com\/pt\/wp-json\/wp\/v2\/types\/post"}],"author":[{"embeddable":true,"href":"https:\/\/www.europesays.com\/pt\/wp-json\/wp\/v2\/users\/2"}],"replies":[{"embeddable":true,"href":"https:\/\/www.europesays.com\/pt\/wp-json\/wp\/v2\/comments?post=152892"}],"version-history":[{"count":0,"href":"https:\/\/www.europesays.com\/pt\/wp-json\/wp\/v2\/posts\/152892\/revisions"}],"wp:featuredmedia":[{"embeddable":true,"href":"https:\/\/www.europesays.com\/pt\/wp-json\/wp\/v2\/media\/152893"}],"wp:attachment":[{"href":"https:\/\/www.europesays.com\/pt\/wp-json\/wp\/v2\/media?parent=152892"}],"wp:term":[{"taxonomy":"category","embeddable":true,"href":"https:\/\/www.europesays.com\/pt\/wp-json\/wp\/v2\/categories?post=152892"},{"taxonomy":"post_tag","embeddable":true,"href":"https:\/\/www.europesays.com\/pt\/wp-json\/wp\/v2\/tags?post=152892"}],"curies":[{"name":"wp","href":"https:\/\/api.w.org\/{rel}","templated":true}]}}