{"id":152894,"date":"2025-11-15T16:09:31","date_gmt":"2025-11-15T16:09:31","guid":{"rendered":"https:\/\/www.europesays.com\/pt\/152894\/"},"modified":"2025-11-15T16:09:31","modified_gmt":"2025-11-15T16:09:31","slug":"quarteira-vai-ter-noite-de-fados-assinalando-dia-mundial-do-fado","status":"publish","type":"post","link":"https:\/\/www.europesays.com\/pt\/152894\/","title":{"rendered":"Quarteira vai ter Noite de Fados assinalando Dia Mundial do Fado"},"content":{"rendered":"<p>O Audit\u00f3rio do Centro Aut\u00e1rquico de <a href=\"https:\/\/regiao-sul.pt\/tag\/quarteira\" target=\"_blank\" rel=\"noreferrer noopener nofollow\">Quarteira<\/a> recebe a 2.\u00aa edi\u00e7\u00e3o da Noite de Fados, no dia 28 de novembro, pelas 21h00, cuja celebra\u00e7\u00e3o do Dia Mundial do Fado conta com atua\u00e7\u00f5es dos fadistas Lu\u00eds Manhita e N\u00e1dia Catarro, acompanhados por Gon\u00e7alo Narciso na guitarra portuguesa e Lu\u00eds Reis na viola de fado.<\/p>\n<p>Depois do sucesso da edi\u00e7\u00e3o de 2024, a autarquia decidiu repetir esta que ser\u00e1 uma noite de homenagem \u00e0 tradi\u00e7\u00e3o do fado, cujo evento tem entrada livre e \u00e9 organizado pela <a href=\"https:\/\/www.jf-quarteira.pt\/\" target=\"_blank\" rel=\"noreferrer noopener nofollow\">Junta de Freguesia de Quarteira<\/a>, com o apoio da C\u00e2mara Municipal de Loul\u00e9.<\/p>\n<p><img loading=\"lazy\" decoding=\"async\" width=\"725\" height=\"1024\" viewbox=\"0 0 725 1024\" src=\"https:\/\/www.europesays.com\/pt\/wp-content\/uploads\/2025\/11\/20251113-cartaz-noitefados2025-725x1024.jpg\" alt=\"\" class=\"lazyload wp-image-739947\"  data-\/>Cartaz promocional<\/p>\n","protected":false},"excerpt":{"rendered":"O Audit\u00f3rio do Centro Aut\u00e1rquico de Quarteira recebe a 2.\u00aa edi\u00e7\u00e3o da Noite de Fados, no dia 28&hellip;\n","protected":false},"author":2,"featured_media":152895,"comment_status":"","ping_status":"","sticky":false,"template":"","format":"standard","meta":{"footnotes":""},"categories":[85],"tags":[2569,114,115,2131,24806,32,33,30044],"class_list":{"0":"post-152894","1":"post","2":"type-post","3":"status-publish","4":"format-standard","5":"has-post-thumbnail","7":"category-entretenimento","8":"tag-algarve","9":"tag-entertainment","10":"tag-entretenimento","11":"tag-fado","12":"tag-loule","13":"tag-portugal","14":"tag-pt","15":"tag-quarteira"},"share_on_mastodon":{"url":"https:\/\/pubeurope.com\/@pt\/115554586888306137","error":""},"_links":{"self":[{"href":"https:\/\/www.europesays.com\/pt\/wp-json\/wp\/v2\/posts\/152894","targetHints":{"allow":["GET"]}}],"collection":[{"href":"https:\/\/www.europesays.com\/pt\/wp-json\/wp\/v2\/posts"}],"about":[{"href":"https:\/\/www.europesays.com\/pt\/wp-json\/wp\/v2\/types\/post"}],"author":[{"embeddable":true,"href":"https:\/\/www.europesays.com\/pt\/wp-json\/wp\/v2\/users\/2"}],"replies":[{"embeddable":true,"href":"https:\/\/www.europesays.com\/pt\/wp-json\/wp\/v2\/comments?post=152894"}],"version-history":[{"count":0,"href":"https:\/\/www.europesays.com\/pt\/wp-json\/wp\/v2\/posts\/152894\/revisions"}],"wp:featuredmedia":[{"embeddable":true,"href":"https:\/\/www.europesays.com\/pt\/wp-json\/wp\/v2\/media\/152895"}],"wp:attachment":[{"href":"https:\/\/www.europesays.com\/pt\/wp-json\/wp\/v2\/media?parent=152894"}],"wp:term":[{"taxonomy":"category","embeddable":true,"href":"https:\/\/www.europesays.com\/pt\/wp-json\/wp\/v2\/categories?post=152894"},{"taxonomy":"post_tag","embeddable":true,"href":"https:\/\/www.europesays.com\/pt\/wp-json\/wp\/v2\/tags?post=152894"}],"curies":[{"name":"wp","href":"https:\/\/api.w.org\/{rel}","templated":true}]}}