{"id":152896,"date":"2025-11-15T16:14:09","date_gmt":"2025-11-15T16:14:09","guid":{"rendered":"https:\/\/www.europesays.com\/pt\/152896\/"},"modified":"2025-11-15T16:14:09","modified_gmt":"2025-11-15T16:14:09","slug":"apple-prepara-sucessao-do-presidente-executivo-tim-cook","status":"publish","type":"post","link":"https:\/\/www.europesays.com\/pt\/152896\/","title":{"rendered":"Apple prepara sucess\u00e3o do presidente executivo Tim Cook"},"content":{"rendered":"<p>                A Apple est\u00e1 a preparar a sucess\u00e3o de Tim Cook. O atual presidente executivo da empresa dever\u00e1 estar de sa\u00edda do cargo, de acordo com o jornal Financial Times.<\/p>\n<p>Cook assumiu a lideran\u00e7a da gigante tecnol\u00f3gica h\u00e1 14 anos, em 2011, ap\u00f3s a sa\u00edda do criador da Apple, Steve Jobs, que morreu nesse mesmo ano.<\/p>\n<p>O Financial Times adianta que a retirada de Tim Cook da lideran\u00e7a de uma das mais valiosas empresas do mundo dever\u00e1 acontecer at\u00e9 ao pr\u00f3ximo ano.<\/p>\n<p>O jornal citou pessoas familiarizadas com as discuss\u00f5es internas da empresa.<\/p>\n<p>John Ternus, vice-presidente de engenharia de hardware da Apple, \u00e9 amplamente considerado o sucessor mais prov\u00e1vel de Cook, de acordo com as mesmas fontes.<\/p>\n<p>\u00c9, por\u00e9m, improv\u00e1vel que a Apple nomeie um novo CEO antes do seu pr\u00f3ximo relat\u00f3rio de resultados no final de janeiro, que cobre o per\u00edodo cr\u00edtico das festas de fim de ano, afirmou o Financial Times.&#13;\n            <\/p>\n","protected":false},"excerpt":{"rendered":"A Apple est\u00e1 a preparar a sucess\u00e3o de Tim Cook. O atual presidente executivo da empresa dever\u00e1 estar&hellip;\n","protected":false},"author":2,"featured_media":152897,"comment_status":"","ping_status":"","sticky":false,"template":"","format":"standard","meta":{"footnotes":""},"categories":[83],"tags":[247,88,89,90,249,32,33,5006],"class_list":{"0":"post-152896","1":"post","2":"type-post","3":"status-publish","4":"format-standard","5":"has-post-thumbnail","7":"category-empresas","8":"tag-apple","9":"tag-business","10":"tag-economy","11":"tag-empresas","12":"tag-iphone","13":"tag-portugal","14":"tag-pt","15":"tag-tim-cook"},"share_on_mastodon":{"url":"https:\/\/pubeurope.com\/@pt\/115554606508624339","error":""},"_links":{"self":[{"href":"https:\/\/www.europesays.com\/pt\/wp-json\/wp\/v2\/posts\/152896","targetHints":{"allow":["GET"]}}],"collection":[{"href":"https:\/\/www.europesays.com\/pt\/wp-json\/wp\/v2\/posts"}],"about":[{"href":"https:\/\/www.europesays.com\/pt\/wp-json\/wp\/v2\/types\/post"}],"author":[{"embeddable":true,"href":"https:\/\/www.europesays.com\/pt\/wp-json\/wp\/v2\/users\/2"}],"replies":[{"embeddable":true,"href":"https:\/\/www.europesays.com\/pt\/wp-json\/wp\/v2\/comments?post=152896"}],"version-history":[{"count":0,"href":"https:\/\/www.europesays.com\/pt\/wp-json\/wp\/v2\/posts\/152896\/revisions"}],"wp:featuredmedia":[{"embeddable":true,"href":"https:\/\/www.europesays.com\/pt\/wp-json\/wp\/v2\/media\/152897"}],"wp:attachment":[{"href":"https:\/\/www.europesays.com\/pt\/wp-json\/wp\/v2\/media?parent=152896"}],"wp:term":[{"taxonomy":"category","embeddable":true,"href":"https:\/\/www.europesays.com\/pt\/wp-json\/wp\/v2\/categories?post=152896"},{"taxonomy":"post_tag","embeddable":true,"href":"https:\/\/www.europesays.com\/pt\/wp-json\/wp\/v2\/tags?post=152896"}],"curies":[{"name":"wp","href":"https:\/\/api.w.org\/{rel}","templated":true}]}}