{"id":152914,"date":"2025-11-15T16:30:09","date_gmt":"2025-11-15T16:30:09","guid":{"rendered":"https:\/\/www.europesays.com\/pt\/152914\/"},"modified":"2025-11-15T16:30:09","modified_gmt":"2025-11-15T16:30:09","slug":"montenegro-anuncia-comando-operacional-para-bombeiros-na-reorganizacao-da-protecao-civil-2","status":"publish","type":"post","link":"https:\/\/www.europesays.com\/pt\/152914\/","title":{"rendered":"Montenegro anuncia comando operacional para bombeiros na reorganiza\u00e7\u00e3o da Prote\u00e7\u00e3o Civil"},"content":{"rendered":"<p>&#13;<br \/>\n&#8220;Temos em discuss\u00e3o interna um novo enquadramento que ter\u00e1 um impulso de clarifica\u00e7\u00e3o de responsabilidades um intuito de maior coordena\u00e7\u00e3o operacional, um objetivo de maior coer\u00eancia territorial e funcional do sistema&#8221; nacional de opera\u00e7\u00f5es se Socorro, afirmou Luis Montenegro, adiantando que, no \u00e2mbito da reorganiza\u00e7\u00e3o org\u00e2nica da Autoridade Nacional de Emerg\u00eancia e Prote\u00e7\u00e3o Civil (ANEPC), ser\u00e1 criado &#8220;um comando operacional com duas vertentes: a vertente essencial da prote\u00e7\u00e3o civil, mas tamb\u00e9m uma vertente de comando ao n\u00edvel dos bombeiros, na gest\u00e3o de opera\u00e7\u00f5es&#8221;.&#13;\n<\/p>\n<p>&#13;<br \/>\nO primeiro ministro, que presidiu hoje \u00e0 abertura do 45.\u00ba Congresso da Liga do Bombeiros Portugueses, em Alcoba\u00e7a, no distrito de Leiria, avan\u00e7ou um conjunto de medidas que o Governo pretende concretizar e garantiu aos cerca de 700 congressistas que, &#8220;nos pr\u00f3ximos dias&#8221;, estar\u00e1 dispon\u00edvel &#8220;o refor\u00e7o or\u00e7amental que a ANEPC solicitou ao Governo, no valor de 27 milh\u00f5es de euros&#8221;, para pagamento das despesas extraordin\u00e1rias do dispositivo de combate a inc\u00eandios rurais e as despesas correspondentes \u00e0 majora\u00e7\u00e3o de 25% na retribui\u00e7\u00e3o aos bombeiros que integraram o dispositivo de combate aos fogos.&#13;\n<\/p>\n<p>&#13;<br \/>\nLuis Montenegro anunciou ainda que ser\u00e1 tamb\u00e9m alocado a um programa de aquisi\u00e7\u00e3o de ve\u00edculos florestais um apoio de 10 milh\u00f5es de euros, atribu\u00eddo por Timor-Leste para compensa\u00e7\u00e3o das regi\u00f5es mais afetadas pelos inc\u00eandios rurais de 2025. <\/p>\n<p>          <img decoding=\"async\" itemprop=\"image\" class=\"img-fluid\"   src=\"https:\/\/www.europesays.com\/pt\/wp-content\/uploads\/2025\/11\/329a035265389bbc8fc1042ac5d19ecc_N.jpg\"\/><\/p>\n<p>&#13;<br \/>\nEntre as medidas elencadas, o primeiro-ministro aludiu \u00e0 cria\u00e7\u00e3o de um regime jur\u00eddico que consagre as carreiras profissionais dos colaboradores permanentes do movimento associativo de bombeiros.&#13;\n<\/p>\n<p>&#13;<br \/>\n&#8220;Assumimos esse desafio e vamos faz\u00ea-lo com o intuito de garantir mais estabilidade, mais possibilidade de progress\u00e3o e, portanto, tamb\u00e9m mais capacidade de atrair e reter recursos humanos, porque sem atrair e reter recursos humanos a sustentabilidade de todo o setor estar\u00e1 colocada em causa&#8221;, disse.&#13;\n<\/p>\n<p>&#13;<br \/>\nO Governo pretende ainda promover a profissionaliza\u00e7\u00e3o da primeira interven\u00e7\u00e3o com o objetivo de que &#8220;em cada concelho haja pelo menos tr\u00eas equipas de interven\u00e7\u00e3o permanente&#8221; e assegurar o financiamento permanente das corpora\u00e7\u00f5es de bombeiros para evitar que se esteja &#8220;sempre a falar em financiamentos extraordin\u00e1rios&#8221;.&#13;\n<\/p>\n<p>&#13;<br \/>\nMontenegro afirmou que o Governo pretende agilizar os procedimentos das transfer\u00eancias financeiras do Fundo de Prote\u00e7\u00e3o Social do Bombeiro para garantir &#8220;pagamentos mais r\u00e1pidos e mais eficazes&#8221;, fomentar o aumento da forma\u00e7\u00e3o e capacita\u00e7\u00e3o de bombeiros e que continuar\u00e1, no pr\u00f3ximo ano, a tentar refor\u00e7ar os meios dispositivo especial de combate a inc\u00eandios rurais e da For\u00e7a Especial de Prote\u00e7\u00e3o Civil que admitiu &#8220;multiplicar por tr\u00eas, ou por quatro&#8221;.&#13;\n<\/p>\n<p>&#13;<br \/>\nMedidas que, segundo Montenegro, espelham o compromisso do Governo de que o programa previsto para os Bombeiros &#8220;\u00e9 para levar a s\u00e9rio, \u00e9 para executar numa rela\u00e7\u00e3o de parceria com todos os representantes deste movimento&#8221;.&#13;\n<\/p>\n<p>&#13;<br \/>\nO congresso da LBP decorre at\u00e9 domingo, &#8220;num momento de grande insatisfa\u00e7\u00e3o&#8221; dos bombeiros volunt\u00e1rios que exigem respostas do Governo sobre financiamento, carreiras e apoios ao voluntariado.&#13;\n<\/p>\n<p>&#13;<br \/>\nNo congresso, que conta com mais de 700 inscritos, ser\u00e1 decidida a realiza\u00e7\u00e3o de protestos caso o Governo n\u00e3o d\u00ea garantias sobre a resolu\u00e7\u00e3o dos problemas e no cumprimento do programa do Governo.&#13;<\/p>\n","protected":false},"excerpt":{"rendered":"&#13; &#8220;Temos em discuss\u00e3o interna um novo enquadramento que ter\u00e1 um impulso de clarifica\u00e7\u00e3o de responsabilidades um intuito&hellip;\n","protected":false},"author":2,"featured_media":152915,"comment_status":"","ping_status":"","sticky":false,"template":"","format":"standard","meta":{"footnotes":""},"categories":[10],"tags":[27,28,15,16,14,25,26,21,22,12,13,19,20,32,23,24,6821,33,26323,17,18,29,30,31],"class_list":{"0":"post-152914","1":"post","2":"type-post","3":"status-publish","4":"format-standard","5":"has-post-thumbnail","7":"category-portugal","8":"tag-breaking-news","9":"tag-breakingnews","10":"tag-featured-news","11":"tag-featurednews","12":"tag-headlines","13":"tag-latest-news","14":"tag-latestnews","15":"tag-main-news","16":"tag-mainnews","17":"tag-news","18":"tag-noticias","19":"tag-noticias-principais","20":"tag-noticiasprincipais","21":"tag-portugal","22":"tag-principais-noticias","23":"tag-principaisnoticias","24":"tag-protecao","25":"tag-pt","26":"tag-socorro","27":"tag-top-stories","28":"tag-topstories","29":"tag-ultimas","30":"tag-ultimas-noticias","31":"tag-ultimasnoticias"},"share_on_mastodon":{"url":"https:\/\/pubeurope.com\/@pt\/115554669485850073","error":""},"_links":{"self":[{"href":"https:\/\/www.europesays.com\/pt\/wp-json\/wp\/v2\/posts\/152914","targetHints":{"allow":["GET"]}}],"collection":[{"href":"https:\/\/www.europesays.com\/pt\/wp-json\/wp\/v2\/posts"}],"about":[{"href":"https:\/\/www.europesays.com\/pt\/wp-json\/wp\/v2\/types\/post"}],"author":[{"embeddable":true,"href":"https:\/\/www.europesays.com\/pt\/wp-json\/wp\/v2\/users\/2"}],"replies":[{"embeddable":true,"href":"https:\/\/www.europesays.com\/pt\/wp-json\/wp\/v2\/comments?post=152914"}],"version-history":[{"count":0,"href":"https:\/\/www.europesays.com\/pt\/wp-json\/wp\/v2\/posts\/152914\/revisions"}],"wp:featuredmedia":[{"embeddable":true,"href":"https:\/\/www.europesays.com\/pt\/wp-json\/wp\/v2\/media\/152915"}],"wp:attachment":[{"href":"https:\/\/www.europesays.com\/pt\/wp-json\/wp\/v2\/media?parent=152914"}],"wp:term":[{"taxonomy":"category","embeddable":true,"href":"https:\/\/www.europesays.com\/pt\/wp-json\/wp\/v2\/categories?post=152914"},{"taxonomy":"post_tag","embeddable":true,"href":"https:\/\/www.europesays.com\/pt\/wp-json\/wp\/v2\/tags?post=152914"}],"curies":[{"name":"wp","href":"https:\/\/api.w.org\/{rel}","templated":true}]}}