{"id":152916,"date":"2025-11-15T16:31:10","date_gmt":"2025-11-15T16:31:10","guid":{"rendered":"https:\/\/www.europesays.com\/pt\/152916\/"},"modified":"2025-11-15T16:31:10","modified_gmt":"2025-11-15T16:31:10","slug":"benfica-pode-avancar-por-rafa-silva-atraves-de-orkun-kokcu","status":"publish","type":"post","link":"https:\/\/www.europesays.com\/pt\/152916\/","title":{"rendered":"Benfica pode avan\u00e7ar por Rafa Silva atrav\u00e9s de Orkun Kok\u00e7u"},"content":{"rendered":"<p>&#8211; Advertisement &#8211;<\/p>\n<p><strong>Rafa Silva tem sido associado a um poss\u00edvel regresso ao Benfica. \u00c1guias poder\u00e3o avan\u00e7ar atrav\u00e9s do neg\u00f3cio de Orkun Kok\u00e7u.<\/strong><\/p>\n<p>O Benfica poder\u00e1 avan\u00e7ar pela contrata\u00e7\u00e3o do Rafa Silva atrav\u00e9s de Orkun Kok\u00e7u. Segundo<strong> apurou o Bola na Rede junto da imprensa turca<\/strong>, uma das hip\u00f3teses passa pela amortiza\u00e7\u00e3o do valor que o Besiktas tem de pagar ao Benfica (25 milh\u00f5es de euros) e baixar assim o valor de uma poss\u00edvel transfer\u00eancia.<\/p>\n<p>Conforme estipulado, o Besiktas tem de pagar 25 milh\u00f5es de euros ao Benfica pelo neg\u00f3cio de Orkun Kok\u00e7u. Visto que o emblema turco falhou as competi\u00e7\u00f5es europeias (e isso tem peso a n\u00edvel financeiro), \u00e9 um cen\u00e1rio em cima da mesa.<\/p>\n<p>Ao longo dos \u00faltimos dias, foi noticiado um\u00a0<a href=\"https:\/\/bolanarede.pt\/especial-bola-na-rede\/atualidade\/besiktas-lanca-comunicado-sobre-rafa-silva-e-ha-informacoes-importantes\/\" target=\"_blank\" rel=\"noreferrer noopener nofollow\">conflito entre o treinador e Rafa Silva\u00a0<\/a>que motivou press\u00f5es do avan\u00e7ado portugu\u00eas para deixar o clube. Inclusive, houve uma confer\u00eancia de imprensa com o <a href=\"https:\/\/bolanarede.pt\/especial-bola-na-rede\/atualidade\/presidente-do-besiktas-acusa-rafa-silva-de-entrar-em-contradicao-esforcamo-nos-para-conquistar-o-jogador\/\" target=\"_blank\" rel=\"noreferrer noopener nofollow\">presidente Serdal Adali <\/a>e o<a href=\"https:\/\/bolanarede.pt\/especial-bola-na-rede\/atualidade\/treinador-do-besiktas-contraria-rafa-silva-fui-obrigado-a-contar-a-verdade-e-vou-contar\/\" target=\"_blank\" rel=\"noreferrer noopener nofollow\"> treinador Sergen Yalcin<\/a> para abordar o tema. <\/p>\n","protected":false},"excerpt":{"rendered":"&#8211; Advertisement &#8211; Rafa Silva tem sido associado a um poss\u00edvel regresso ao Benfica. \u00c1guias poder\u00e3o avan\u00e7ar atrav\u00e9s&hellip;\n","protected":false},"author":2,"featured_media":152917,"comment_status":"","ping_status":"","sticky":false,"template":"","format":"standard","meta":{"footnotes":""},"categories":[8],"tags":[260,51,27,28,478,15,16,14,25,26,1401,21,22,12,13,19,20,32,23,24,33,21749,17,18,29,30,31],"class_list":{"0":"post-152916","1":"post","2":"type-post","3":"status-publish","4":"format-standard","5":"has-post-thumbnail","7":"category-principais-noticias","8":"tag-atualidade","9":"tag-benfica","10":"tag-breaking-news","11":"tag-breakingnews","12":"tag-destaques-bnr","13":"tag-featured-news","14":"tag-featurednews","15":"tag-headlines","16":"tag-latest-news","17":"tag-latestnews","18":"tag-liga-turca","19":"tag-main-news","20":"tag-mainnews","21":"tag-news","22":"tag-noticias","23":"tag-noticias-principais","24":"tag-noticiasprincipais","25":"tag-portugal","26":"tag-principais-noticias","27":"tag-principaisnoticias","28":"tag-pt","29":"tag-rafa-silva","30":"tag-top-stories","31":"tag-topstories","32":"tag-ultimas","33":"tag-ultimas-noticias","34":"tag-ultimasnoticias"},"share_on_mastodon":{"url":"https:\/\/pubeurope.com\/@pt\/115554673316988760","error":""},"_links":{"self":[{"href":"https:\/\/www.europesays.com\/pt\/wp-json\/wp\/v2\/posts\/152916","targetHints":{"allow":["GET"]}}],"collection":[{"href":"https:\/\/www.europesays.com\/pt\/wp-json\/wp\/v2\/posts"}],"about":[{"href":"https:\/\/www.europesays.com\/pt\/wp-json\/wp\/v2\/types\/post"}],"author":[{"embeddable":true,"href":"https:\/\/www.europesays.com\/pt\/wp-json\/wp\/v2\/users\/2"}],"replies":[{"embeddable":true,"href":"https:\/\/www.europesays.com\/pt\/wp-json\/wp\/v2\/comments?post=152916"}],"version-history":[{"count":0,"href":"https:\/\/www.europesays.com\/pt\/wp-json\/wp\/v2\/posts\/152916\/revisions"}],"wp:featuredmedia":[{"embeddable":true,"href":"https:\/\/www.europesays.com\/pt\/wp-json\/wp\/v2\/media\/152917"}],"wp:attachment":[{"href":"https:\/\/www.europesays.com\/pt\/wp-json\/wp\/v2\/media?parent=152916"}],"wp:term":[{"taxonomy":"category","embeddable":true,"href":"https:\/\/www.europesays.com\/pt\/wp-json\/wp\/v2\/categories?post=152916"},{"taxonomy":"post_tag","embeddable":true,"href":"https:\/\/www.europesays.com\/pt\/wp-json\/wp\/v2\/tags?post=152916"}],"curies":[{"name":"wp","href":"https:\/\/api.w.org\/{rel}","templated":true}]}}