{"id":152920,"date":"2025-11-15T16:39:09","date_gmt":"2025-11-15T16:39:09","guid":{"rendered":"https:\/\/www.europesays.com\/pt\/152920\/"},"modified":"2025-11-15T16:39:09","modified_gmt":"2025-11-15T16:39:09","slug":"sharknado-vai-voltar-para-o-setimo-filme","status":"publish","type":"post","link":"https:\/\/www.europesays.com\/pt\/152920\/","title":{"rendered":"Sharknado vai voltar para o s\u00e9timo filme"},"content":{"rendered":"<p dir=\"ltr\">A infame e amada franquia <strong>Sharknado <\/strong>vai voltar. A produtora <strong>The Asylum <\/strong>anunciou que a saga trash que mistura tubar\u00f5es e tornados vai ganhar seu s\u00e9timo cap\u00edtulo.<\/p>\n<p dir=\"ltr\">Segundo a <a href=\"https:\/\/variety.com\/2025\/film\/global\/sharknado-7-franchise-return-origin-1236582136\/\" rel=\"noopener nofollow\" target=\"_blank\">Variety<\/a>, o pr\u00f3ximo lan\u00e7amento da saga ser\u00e1 um filme de origem apropriadamente chamado\u00a0<strong>Sharknado Origins<\/strong>. A trama se passa antes dos eventos do longa original, de 2013, e vai acompanhar vers\u00f5es adolescentes de Fin e April em um ver\u00e3o de romance que \u00e9 abruptamente interrompido pelo primeiro tornado de tubar\u00e3o da hist\u00f3ria.<\/p>\n<p>            Continua depois da Publicidade<\/p>\n<p dir=\"ltr\">O s\u00e9timo longa da franquia ter\u00e1 o retorno de <strong>Anthony Ferrante<\/strong>, que comandou todos os anteriores, \u00e0 dire\u00e7\u00e3o. A estreia est\u00e1 prevista para 2026.<\/p>\n<p dir=\"ltr\">Ao todo, a saga conta com os filmes Sharknado (2013), <strong>Sharknado 2: A Segunda Onda <\/strong>(2014), <strong>Sharknado 3: Oh, N\u00e3o! <\/strong>(2015), <strong>Sharknado: Corra Para o 4\u00ba <\/strong>(2016), <strong>Sharknado 5: Voracidade Global <\/strong>(2017) e <strong>O \u00daltimo Sharknado: J\u00e1 Estava na Hora <\/strong>(2018). Alguns dos t\u00edtulos est\u00e3o dispon\u00edveis para streaming no Brasil atrav\u00e9s do <strong>Amazon Prime Video<\/strong>.<\/p>\n","protected":false},"excerpt":{"rendered":"A infame e amada franquia Sharknado vai voltar. A produtora The Asylum anunciou que a saga trash que&hellip;\n","protected":false},"author":2,"featured_media":152921,"comment_status":"","ping_status":"","sticky":false,"template":"","format":"standard","meta":{"footnotes":""},"categories":[140],"tags":[114,115,147,148,146,32,33],"class_list":{"0":"post-152920","1":"post","2":"type-post","3":"status-publish","4":"format-standard","5":"has-post-thumbnail","7":"category-filmes","8":"tag-entertainment","9":"tag-entretenimento","10":"tag-film","11":"tag-filmes","12":"tag-movies","13":"tag-portugal","14":"tag-pt"},"share_on_mastodon":{"url":"https:\/\/pubeurope.com\/@pt\/115554704728814785","error":""},"_links":{"self":[{"href":"https:\/\/www.europesays.com\/pt\/wp-json\/wp\/v2\/posts\/152920","targetHints":{"allow":["GET"]}}],"collection":[{"href":"https:\/\/www.europesays.com\/pt\/wp-json\/wp\/v2\/posts"}],"about":[{"href":"https:\/\/www.europesays.com\/pt\/wp-json\/wp\/v2\/types\/post"}],"author":[{"embeddable":true,"href":"https:\/\/www.europesays.com\/pt\/wp-json\/wp\/v2\/users\/2"}],"replies":[{"embeddable":true,"href":"https:\/\/www.europesays.com\/pt\/wp-json\/wp\/v2\/comments?post=152920"}],"version-history":[{"count":0,"href":"https:\/\/www.europesays.com\/pt\/wp-json\/wp\/v2\/posts\/152920\/revisions"}],"wp:featuredmedia":[{"embeddable":true,"href":"https:\/\/www.europesays.com\/pt\/wp-json\/wp\/v2\/media\/152921"}],"wp:attachment":[{"href":"https:\/\/www.europesays.com\/pt\/wp-json\/wp\/v2\/media?parent=152920"}],"wp:term":[{"taxonomy":"category","embeddable":true,"href":"https:\/\/www.europesays.com\/pt\/wp-json\/wp\/v2\/categories?post=152920"},{"taxonomy":"post_tag","embeddable":true,"href":"https:\/\/www.europesays.com\/pt\/wp-json\/wp\/v2\/tags?post=152920"}],"curies":[{"name":"wp","href":"https:\/\/api.w.org\/{rel}","templated":true}]}}