{"id":152928,"date":"2025-11-15T16:49:19","date_gmt":"2025-11-15T16:49:19","guid":{"rendered":"https:\/\/www.europesays.com\/pt\/152928\/"},"modified":"2025-11-15T16:49:19","modified_gmt":"2025-11-15T16:49:19","slug":"pcp-denuncia-alegada-producao-em-portugal-de-moedas-destinadas-a-israel","status":"publish","type":"post","link":"https:\/\/www.europesays.com\/pt\/152928\/","title":{"rendered":"PCP denuncia alegada produ\u00e7\u00e3o em Portugal de moedas destinadas a Israel"},"content":{"rendered":"<p>O PCP denunciou esta sexta-feira (14 de novembro) a alegada produ\u00e7\u00e3o, pela Casa da Moeda, de dois milh\u00f5es de moedas para Israel, perguntando ao ministro dos Neg\u00f3cios Estrangeiros se n\u00e3o se trata de um \u201csinal inadequado\u201d transmitido pelo Estado portugu\u00eas.<\/p>\n<p>Numa pergunta dirigida a Paulo Rangel atrav\u00e9s da Assembleia da Rep\u00fablica, a l\u00edder parlamentar do PCP, Paula Santos, afirma que a empresa p\u00fablica Imprensa Nacional \u2013 Casa da Moeda (INCM) \u201cestar\u00e1 a proceder \u00e0 produ\u00e7\u00e3o de dois milh\u00f5es de moedas, ainda durante o ano de 2025, para o Estado de Israel\u201d.<\/p>\n<p><strong>Segundo o PCP, est\u00e1 \u201cigualmente perspetivada a visita oficial de uma delega\u00e7\u00e3o do Governo israelita \u00e0 INCM para assinalar a cunhagem das primeiras moedas\u201d.<\/strong><\/p>\n<p>O partido refere que h\u00e1 mais de dois anos que \u201cIsrael leva a cabo um genoc\u00eddio na Faixa de Gaza, cometendo crimes e atrocidades di\u00e1rias contra o povo palestiniano que atingiram propor\u00e7\u00f5es sem precedentes\u201d.<\/p>\n<p>\u201cAponta-se para v\u00e1rias centenas de milhares de palestinianos mortos e feridos, sendo muitas dezenas de milhares dos quais crian\u00e7as, em resultado do genoc\u00eddio levado a cabo por Israel\u201d, l\u00ea-se.<\/p>\n<p><strong>Para o PCP, \u201cas rela\u00e7\u00f5es entre o Governo portugu\u00eas e o Governo israelita n\u00e3o devem consubstanciar uma forma de cumplicidade com a continuada agress\u00e3o e viola\u00e7\u00e3o dos direitos nacionais do povo palestiniano por parte de Israel\u201d.<\/strong><\/p>\n<p>\u201cTendo o Estado portugu\u00eas reconhecido, em setembro passado, o Estado da Palestina, \u00e9 imperioso que o Governo portugu\u00eas adote uma posi\u00e7\u00e3o ativa em prol do estabelecimento do Estado da Palestina nas fronteiras de 1967 e com capital em Jerusal\u00e9m Leste e do cumprimento do direito de retorno dos refugiados palestinianos\u201d, refere-se.<\/p>\n<p>O PCP pergunta assim a Paulo Rangel que conhecimento tem o Governo da alegada produ\u00e7\u00e3o de moedas destinada ao Estado de Israel.<\/p>\n<p><strong>\u201cN\u00e3o considera que a produ\u00e7\u00e3o de dois milh\u00f5es de moedas israelitas por parte de uma empresa p\u00fablica portuguesa, assim como a visita de uma delega\u00e7\u00e3o do Governo israelita a essa mesma empresa no quadro desse prop\u00f3sito, constituem sinais inadequados por parte do Estado portugu\u00eas face \u00e0 insist\u00eancia de Israel na sua pol\u00edtica de ocupa\u00e7\u00e3o e agress\u00e3o contra o povo palestiniano?\u201d, questiona o partido.<\/strong><\/p>\n<p>O PCP quer tamb\u00e9m saber que medidas efetivas \u00e9 que o Governo est\u00e1 implementar para \u201cpressionar Israel a respeitar e cumprir os direitos nacionais do povo palestiniano, conforme determinam in\u00fameras resolu\u00e7\u00f5es da ONU\u201d.<\/p>\n","protected":false},"excerpt":{"rendered":"O PCP denunciou esta sexta-feira (14 de novembro) a alegada produ\u00e7\u00e3o, pela Casa da Moeda, de dois milh\u00f5es&hellip;\n","protected":false},"author":2,"featured_media":152929,"comment_status":"","ping_status":"","sticky":false,"template":"","format":"standard","meta":{"footnotes":""},"categories":[10],"tags":[27,28,15,16,14,33036,259,25,26,21,22,432,12,13,19,20,3596,32,23,24,33,17,18,29,30,31],"class_list":{"0":"post-152928","1":"post","2":"type-post","3":"status-publish","4":"format-standard","5":"has-post-thumbnail","7":"category-portugal","8":"tag-breaking-news","9":"tag-breakingnews","10":"tag-featured-news","11":"tag-featurednews","12":"tag-headlines","13":"tag-imprensa-nacional-casa-da-moeda","14":"tag-israel","15":"tag-latest-news","16":"tag-latestnews","17":"tag-main-news","18":"tag-mainnews","19":"tag-medio-oriente","20":"tag-news","21":"tag-noticias","22":"tag-noticias-principais","23":"tag-noticiasprincipais","24":"tag-pcp","25":"tag-portugal","26":"tag-principais-noticias","27":"tag-principaisnoticias","28":"tag-pt","29":"tag-top-stories","30":"tag-topstories","31":"tag-ultimas","32":"tag-ultimas-noticias","33":"tag-ultimasnoticias"},"share_on_mastodon":{"url":"https:\/\/pubeurope.com\/@pt\/115554744136985657","error":""},"_links":{"self":[{"href":"https:\/\/www.europesays.com\/pt\/wp-json\/wp\/v2\/posts\/152928","targetHints":{"allow":["GET"]}}],"collection":[{"href":"https:\/\/www.europesays.com\/pt\/wp-json\/wp\/v2\/posts"}],"about":[{"href":"https:\/\/www.europesays.com\/pt\/wp-json\/wp\/v2\/types\/post"}],"author":[{"embeddable":true,"href":"https:\/\/www.europesays.com\/pt\/wp-json\/wp\/v2\/users\/2"}],"replies":[{"embeddable":true,"href":"https:\/\/www.europesays.com\/pt\/wp-json\/wp\/v2\/comments?post=152928"}],"version-history":[{"count":0,"href":"https:\/\/www.europesays.com\/pt\/wp-json\/wp\/v2\/posts\/152928\/revisions"}],"wp:featuredmedia":[{"embeddable":true,"href":"https:\/\/www.europesays.com\/pt\/wp-json\/wp\/v2\/media\/152929"}],"wp:attachment":[{"href":"https:\/\/www.europesays.com\/pt\/wp-json\/wp\/v2\/media?parent=152928"}],"wp:term":[{"taxonomy":"category","embeddable":true,"href":"https:\/\/www.europesays.com\/pt\/wp-json\/wp\/v2\/categories?post=152928"},{"taxonomy":"post_tag","embeddable":true,"href":"https:\/\/www.europesays.com\/pt\/wp-json\/wp\/v2\/tags?post=152928"}],"curies":[{"name":"wp","href":"https:\/\/api.w.org\/{rel}","templated":true}]}}