{"id":152930,"date":"2025-11-15T16:50:28","date_gmt":"2025-11-15T16:50:28","guid":{"rendered":"https:\/\/www.europesays.com\/pt\/152930\/"},"modified":"2025-11-15T16:50:28","modified_gmt":"2025-11-15T16:50:28","slug":"pelo-menos-tres-mortos-em-estocolmo-apos-autocarro-embater-em-paragem-suecia","status":"publish","type":"post","link":"https:\/\/www.europesays.com\/pt\/152930\/","title":{"rendered":"Pelo menos tr\u00eas mortos em Estocolmo ap\u00f3s autocarro embater em paragem | Su\u00e9cia"},"content":{"rendered":"<p>Pelo menos tr\u00eas pessoas morreram e outras ficaram feridas quando um autocarro de dois andares embateu numa paragem no centro de Estocolmo, capital da Su\u00e9cia, nesta sexta-feira, informou a pol\u00edcia sueca.<\/p>\n<p>O alerta ter\u00e1 sido dado \u00e0s 15h24 locais (14h24 em Portugal continental), e as causas do acidente ainda n\u00e3o foram apuradas. H\u00e1 pelo menos tr\u00eas mortos, de acordo com informa\u00e7\u00f5es da <a href=\"https:\/\/www.aftonbladet.se\/nyheter\/a\/KMEJJM\/buss-korde-in-i-busskar\" target=\"_blank\" rel=\"nofollow noopener\">imprensa local<\/a>, e cinco pessoas ter\u00e3o sido atingidas pelo ve\u00edculo, segundo um porta-voz dos servi\u00e7os de socorro de Estocolmo disse \u00e0 Reuters. <\/p>\n<p>\u201cH\u00e1 v\u00e1rias pessoas gravemente feridas. Estamos a auxiliar os param\u00e9dicos no local,\u201d afirmou Oscar Davila, dos servi\u00e7os de salvamento, citado pela esta\u00e7\u00e3o de televis\u00e3o sueca <a href=\"https:\/\/www.svt.se\/nyheter\/lokalt\/stockholm\/buss-har-rammat-busskur-flera-befaras-allvarligt-skadade\" target=\"_blank\" rel=\"nofollow noopener\">SVT<\/a>.<\/p>\n<p>Uma testemunha, propriet\u00e1ria de uma loja junto ao local do acidente, no bairro de \u00d6stermalm\u200b, contou \u00e0 SVT que ouviu ru\u00eddos de atrito vindos da paragem na qual o autocarro embateu. A testemunha relata que v\u00e1rias pessoas entraram na loja a chorar.<\/p>\n<p>A pol\u00edcia sueca confirmou que o motorista do autocarro, que pertence \u00e0 empresa Transdev, foi detido e que o incidente est\u00e1 a ser investigado como homic\u00eddio agravado, cita o meio de comunica\u00e7\u00e3o local <a href=\"https:\/\/www.aftonbladet.se\/nyheter\/a\/KMEJJM\/buss-korde-in-i-busskar\" target=\"_blank\" rel=\"nofollow noopener\">Aftonbladet<\/a>. \u201c\u00c9 um dos nossos autocarros e \u00e9 de dois andares. Mas n\u00e3o tenho informa\u00e7\u00e3o sobre como aconteceu neste momento,\u201d diz Lovisa \u00c5bom, respons\u00e1vel de Comunica\u00e7\u00e3o da Transdev, citada pela SVT.<\/p>\n<p>As autoridades ainda n\u00e3o revelaram o n\u00famero exacto, g\u00e9nero ou idades das pessoas envolvidas. Segundo o <a href=\"https:\/\/polisen.se\/aktuellt\/handelser\/2025\/november\/14\/14-november-15.23-trafikolycka-personskada-stockholm\/?mtm_kwd=feed\" target=\"_blank\" rel=\"nofollow noopener\">site <\/a>da pol\u00edcia de Estocolmo, os servi\u00e7os de socorro e as ambul\u00e2ncias est\u00e3o no local. Devido \u00e0 opera\u00e7\u00e3o em curso, v\u00e1rias ruas est\u00e3o encerradas.<\/p>\n","protected":false},"excerpt":{"rendered":"Pelo menos tr\u00eas pessoas morreram e outras ficaram feridas quando um autocarro de dois andares embateu numa paragem&hellip;\n","protected":false},"author":2,"featured_media":152931,"comment_status":"","ping_status":"","sticky":false,"template":"","format":"standard","meta":{"footnotes":""},"categories":[8],"tags":[1455,27,28,445,15,16,14,25,26,21,22,62,12,13,19,20,32,23,24,33,5928,17,18,29,30,31],"class_list":{"0":"post-152930","1":"post","2":"type-post","3":"status-publish","4":"format-standard","5":"has-post-thumbnail","7":"category-principais-noticias","8":"tag-acidentes","9":"tag-breaking-news","10":"tag-breakingnews","11":"tag-europa","12":"tag-featured-news","13":"tag-featurednews","14":"tag-headlines","15":"tag-latest-news","16":"tag-latestnews","17":"tag-main-news","18":"tag-mainnews","19":"tag-mundo","20":"tag-news","21":"tag-noticias","22":"tag-noticias-principais","23":"tag-noticiasprincipais","24":"tag-portugal","25":"tag-principais-noticias","26":"tag-principaisnoticias","27":"tag-pt","28":"tag-suecia","29":"tag-top-stories","30":"tag-topstories","31":"tag-ultimas","32":"tag-ultimas-noticias","33":"tag-ultimasnoticias"},"share_on_mastodon":{"url":"https:\/\/pubeurope.com\/@pt\/115554748016509625","error":""},"_links":{"self":[{"href":"https:\/\/www.europesays.com\/pt\/wp-json\/wp\/v2\/posts\/152930","targetHints":{"allow":["GET"]}}],"collection":[{"href":"https:\/\/www.europesays.com\/pt\/wp-json\/wp\/v2\/posts"}],"about":[{"href":"https:\/\/www.europesays.com\/pt\/wp-json\/wp\/v2\/types\/post"}],"author":[{"embeddable":true,"href":"https:\/\/www.europesays.com\/pt\/wp-json\/wp\/v2\/users\/2"}],"replies":[{"embeddable":true,"href":"https:\/\/www.europesays.com\/pt\/wp-json\/wp\/v2\/comments?post=152930"}],"version-history":[{"count":0,"href":"https:\/\/www.europesays.com\/pt\/wp-json\/wp\/v2\/posts\/152930\/revisions"}],"wp:featuredmedia":[{"embeddable":true,"href":"https:\/\/www.europesays.com\/pt\/wp-json\/wp\/v2\/media\/152931"}],"wp:attachment":[{"href":"https:\/\/www.europesays.com\/pt\/wp-json\/wp\/v2\/media?parent=152930"}],"wp:term":[{"taxonomy":"category","embeddable":true,"href":"https:\/\/www.europesays.com\/pt\/wp-json\/wp\/v2\/categories?post=152930"},{"taxonomy":"post_tag","embeddable":true,"href":"https:\/\/www.europesays.com\/pt\/wp-json\/wp\/v2\/tags?post=152930"}],"curies":[{"name":"wp","href":"https:\/\/api.w.org\/{rel}","templated":true}]}}