{"id":152936,"date":"2025-11-15T16:55:10","date_gmt":"2025-11-15T16:55:10","guid":{"rendered":"https:\/\/www.europesays.com\/pt\/152936\/"},"modified":"2025-11-15T16:55:10","modified_gmt":"2025-11-15T16:55:10","slug":"brasil-x-senegal-confira-a-transmissao-da-jovem-pan-ao-vivo","status":"publish","type":"post","link":"https:\/\/www.europesays.com\/pt\/152936\/","title":{"rendered":"Brasil x Senegal: confira a transmiss\u00e3o da Jovem Pan ao vivo"},"content":{"rendered":"<p>Aqui, voc\u00ea pode assistir \u00e0 narra\u00e7\u00e3o completa do jogo amistoso<\/p>\n<p>                                            <img decoding=\"async\" class=\"img-responsive type:primaryImage\" src=\"https:\/\/www.europesays.com\/pt\/wp-content\/uploads\/2025\/11\/braisl-x-senagal-750x450.jpg\" alt=\"Brasil x senegal\" id=\"zoom-img\"\/><\/p>\n<p><strong>Brasil<\/strong> e <strong>Senegal <\/strong>se enfrentaram neste s\u00e1bado (15), em jogo amistoso na cidade de Londres. A <b>Jovem Pan<\/b> apresenta todas as emo\u00e7\u00f5es do duelo ao vivo. Al\u00e9m de transmitir a partida em AM 620 e FM 100,9, a JP e traz narra\u00e7\u00e3o de Jos\u00e9 Manoel de Barros, coment\u00e1rios de Bruno Prado e reportagem de Victor Boni no<a href=\"https:\/\/www.youtube.com\/c\/jovempanesportes\/videos\" target=\"_blank\" rel=\"noopener noreferrer nofollow\">\u00a0<b>YouTube<\/b><\/a>.<\/p>\n","protected":false},"excerpt":{"rendered":"Aqui, voc\u00ea pode assistir \u00e0 narra\u00e7\u00e3o completa do jogo amistoso Brasil e Senegal se enfrentaram neste s\u00e1bado (15),&hellip;\n","protected":false},"author":2,"featured_media":152937,"comment_status":"","ping_status":"","sticky":false,"template":"","format":"standard","meta":{"footnotes":""},"categories":[141],"tags":[114,115,149,150,32,33],"class_list":{"0":"post-152936","1":"post","2":"type-post","3":"status-publish","4":"format-standard","5":"has-post-thumbnail","7":"category-musica","8":"tag-entertainment","9":"tag-entretenimento","10":"tag-music","11":"tag-musica","12":"tag-portugal","13":"tag-pt"},"share_on_mastodon":{"url":"https:\/\/pubeurope.com\/@pt\/115554767879264916","error":""},"_links":{"self":[{"href":"https:\/\/www.europesays.com\/pt\/wp-json\/wp\/v2\/posts\/152936","targetHints":{"allow":["GET"]}}],"collection":[{"href":"https:\/\/www.europesays.com\/pt\/wp-json\/wp\/v2\/posts"}],"about":[{"href":"https:\/\/www.europesays.com\/pt\/wp-json\/wp\/v2\/types\/post"}],"author":[{"embeddable":true,"href":"https:\/\/www.europesays.com\/pt\/wp-json\/wp\/v2\/users\/2"}],"replies":[{"embeddable":true,"href":"https:\/\/www.europesays.com\/pt\/wp-json\/wp\/v2\/comments?post=152936"}],"version-history":[{"count":0,"href":"https:\/\/www.europesays.com\/pt\/wp-json\/wp\/v2\/posts\/152936\/revisions"}],"wp:featuredmedia":[{"embeddable":true,"href":"https:\/\/www.europesays.com\/pt\/wp-json\/wp\/v2\/media\/152937"}],"wp:attachment":[{"href":"https:\/\/www.europesays.com\/pt\/wp-json\/wp\/v2\/media?parent=152936"}],"wp:term":[{"taxonomy":"category","embeddable":true,"href":"https:\/\/www.europesays.com\/pt\/wp-json\/wp\/v2\/categories?post=152936"},{"taxonomy":"post_tag","embeddable":true,"href":"https:\/\/www.europesays.com\/pt\/wp-json\/wp\/v2\/tags?post=152936"}],"curies":[{"name":"wp","href":"https:\/\/api.w.org\/{rel}","templated":true}]}}