{"id":152938,"date":"2025-11-15T16:56:11","date_gmt":"2025-11-15T16:56:11","guid":{"rendered":"https:\/\/www.europesays.com\/pt\/152938\/"},"modified":"2025-11-15T16:56:11","modified_gmt":"2025-11-15T16:56:11","slug":"museu-de-george-lucas-em-los-angeles-abre-em-2026-com-star-wars-e-hqs","status":"publish","type":"post","link":"https:\/\/www.europesays.com\/pt\/152938\/","title":{"rendered":"Museu de George Lucas em Los Angeles abre em 2026 com Star Wars e HQs"},"content":{"rendered":"<p>  <img decoding=\"async\" src=\"https:\/\/cdn.ome.lt\/static\/omelete\/img\/loading.svg\" alt=\"\"\/><\/p>\n<p>  <img decoding=\"async\" class=\"article__cover__image\" data-lazy-src-mob=\"\/\/cdn.ome.lt\/M__yTlBqaIgMG4a94mnVS-KMxA4=\/570x0\/smart\/filters:format(webp)\/uploads\/conteudo\/fotos\/OMELETE_CAPA_-_2025-11-14T104628.324.webp\" data-lazy-src=\"https:\/\/cdn.ome.lt\/u0WMGvd1L__ZPHw2xuFKAgpUY4U=\/987x0\/smart\/filters:format(webp)\/uploads\/conteudo\/fotos\/OMELETE_CAPA_-_2025-11-14T104628.324.webp\" src=\"data:image\/png;base64,iVBORw0KGgoAAAANSUhEUgAAAAEAAAABCAQAAAC1HAwCAAAAC0lEQVR42mNkYAAAAAYAAjCB0C8AAAAASUVORK5CYII=\" alt=\"Museu de George Lucas em Los Angeles abrir\u00e1 em 2026 com Star Wars e quadrinhos\" title=\"Reprodu\u00e7\u00e3o \/ YouTube\" width=\"987\" height=\"555\" fetchpriority=\"high\"\/><\/p>\n<p class=\"article__cover__credits\">\n  Cr\u00e9ditos da imagem:<br \/>\n  Reprodu\u00e7\u00e3o \/ YouTube\n<\/p>\n<p>Foi anunciado\u00a0para 2026 o <strong>The Lucas Museum of Narrative Art<\/strong>, dedicado ao trabalho de\u00a0<strong>George Lucas<\/strong>, focado em\u00a0<strong>Star Wars\u00a0<\/strong>e em quadrinhos. Veja abaixo as imagens do projeto.<\/p>\n<p>            Continua depois da Publicidade<\/p>\n<p>O espa\u00e7o ter\u00e1 diversas pe\u00e7as referentes ao universo de\u00a0Star Wars, incluindo um Naboo starfighter em tamanho real e um General Grievous com seu ve\u00edculo. Al\u00e9m disso, o espa\u00e7o ter\u00e1 dois cinemas, 33 galerias, um espa\u00e7o para eventos e uma biblioteca.<\/p>\n<p>Outra atra\u00e7\u00e3o ser\u00e1 uma \u00e1rea dedicada a quadrinhos, incluindo diversos exemplares de Marvel e DC Comics. Indiana Jones n\u00e3o ficar\u00e1 de fora, e ter\u00e1 artes conceituais exclusivas como decora\u00e7\u00e3o. Tamb\u00e9m foi confirmada uma exposi\u00e7\u00e3o de mitologia com as hist\u00f3rias mais antigas dos deuses eg\u00edpcios, gregos e romanos.<\/p>\n<p>A inaugura\u00e7\u00e3o est\u00e1 marcada para 22 de setembro do pr\u00f3ximo ano, em Los Angeles, Calif\u00f3rnia.<\/p>\n<p>    <strong>Tudo sobre os pr\u00f3ximos filmes de Star Wars<\/strong><\/p>\n<p>Em fevereiro,\u00a0<strong>Kathleen Kennedy<\/strong>\u00a0falou sobre a produ\u00e7\u00e3o.\u00a0&#8220;Eu estou produzindo o filme de Mandalorian no momento, e tamb\u00e9m o de Shawn Levy, que vem depois. Ent\u00e3o eu continuo na LucasFilm e ansiosa para trabalhar com Bob (Iger) e Alan (Bergman), que est\u00e3o entrando no projeto. Ent\u00e3o tudo est\u00e1 caminhando, e temos todo o direito de fazer o an\u00fancio quando quisermos&#8221;, disse Kennedy ao Deadline.\u00a0&#8220;O filme ser\u00e1 ambientado no futuro, depois dos primeiros nove. Shawn far\u00e1 um filme de Star Wars com hist\u00f3ria independente, talvez cinco ou seis anos ap\u00f3s A Ascens\u00e3o Skywalker&#8221;, concluiu.<\/p>\n<p>            Continua depois da Publicidade<\/p>\n<p>J\u00e1 h\u00e1 quatro filmes de\u00a0Star Wars\u00a0anunciados. O primeiro vem em maio 2026 e \u00e9\u00a0The Mandalorian &amp; Grogu, uma continua\u00e7\u00e3o da s\u00e9rie do Mandaloriano dirigida por\u00a0<strong>Jon Favreau<\/strong>. J\u00e1\u00a0Sharmeen Obaid-Chinoy\u00a0dirigir\u00e1 um filme focado nas aventuras de Rey (Daisy Ridley) ap\u00f3s o\u00a0Epis\u00f3dio IX, enquanto\u00a0James Mangold\u00a0dirigir\u00e1 um filme sobre a origem dos Jedi, tr\u00eas mil anos antes da saga principal. H\u00e1 ainda o filme de\u00a0Dave Filoni, criador de\u00a0Ahsoka. Al\u00e9m disso tudo, em desenvolvimento est\u00e3o projetos de Taika Waititi e Shawn Levy.<\/p>\n<p>Diferente de\u00a0The Mandalorian &amp; Grogu\u00a0e\u00a0Starfighter,\u00a0os\u00a0outros filmes n\u00e3o t\u00eam previs\u00e3o de estreia, mas a Lucasfilm reservou datas em dezembro de 2026 e dezembro de 2027 para lan\u00e7amentos de\u00a0Star Wars.<\/p>\n<p data-gtm-vis-first-on-screen67967661_30=\"16492\" data-gtm-vis-has-fired67967661_30=\"1\" data-gtm-vis-recent-on-screen67967661_30=\"16492\" data-gtm-vis-total-visible-time67967661_30=\"100\"><strong>Star Wars: Starfighter<\/strong>\u00a0vai estrear em 27 de maio 2027.<\/p>\n","protected":false},"excerpt":{"rendered":"Cr\u00e9ditos da imagem: Reprodu\u00e7\u00e3o \/ YouTube Foi anunciado\u00a0para 2026 o The Lucas Museum of Narrative Art, dedicado ao&hellip;\n","protected":false},"author":2,"featured_media":152939,"comment_status":"","ping_status":"","sticky":false,"template":"","format":"standard","meta":{"footnotes":""},"categories":[140],"tags":[114,115,147,148,146,32,33],"class_list":{"0":"post-152938","1":"post","2":"type-post","3":"status-publish","4":"format-standard","5":"has-post-thumbnail","7":"category-filmes","8":"tag-entertainment","9":"tag-entretenimento","10":"tag-film","11":"tag-filmes","12":"tag-movies","13":"tag-portugal","14":"tag-pt"},"share_on_mastodon":{"url":"https:\/\/pubeurope.com\/@pt\/115554771832034031","error":""},"_links":{"self":[{"href":"https:\/\/www.europesays.com\/pt\/wp-json\/wp\/v2\/posts\/152938","targetHints":{"allow":["GET"]}}],"collection":[{"href":"https:\/\/www.europesays.com\/pt\/wp-json\/wp\/v2\/posts"}],"about":[{"href":"https:\/\/www.europesays.com\/pt\/wp-json\/wp\/v2\/types\/post"}],"author":[{"embeddable":true,"href":"https:\/\/www.europesays.com\/pt\/wp-json\/wp\/v2\/users\/2"}],"replies":[{"embeddable":true,"href":"https:\/\/www.europesays.com\/pt\/wp-json\/wp\/v2\/comments?post=152938"}],"version-history":[{"count":0,"href":"https:\/\/www.europesays.com\/pt\/wp-json\/wp\/v2\/posts\/152938\/revisions"}],"wp:featuredmedia":[{"embeddable":true,"href":"https:\/\/www.europesays.com\/pt\/wp-json\/wp\/v2\/media\/152939"}],"wp:attachment":[{"href":"https:\/\/www.europesays.com\/pt\/wp-json\/wp\/v2\/media?parent=152938"}],"wp:term":[{"taxonomy":"category","embeddable":true,"href":"https:\/\/www.europesays.com\/pt\/wp-json\/wp\/v2\/categories?post=152938"},{"taxonomy":"post_tag","embeddable":true,"href":"https:\/\/www.europesays.com\/pt\/wp-json\/wp\/v2\/tags?post=152938"}],"curies":[{"name":"wp","href":"https:\/\/api.w.org\/{rel}","templated":true}]}}