{"id":152942,"date":"2025-11-15T17:05:14","date_gmt":"2025-11-15T17:05:14","guid":{"rendered":"https:\/\/www.europesays.com\/pt\/152942\/"},"modified":"2025-11-15T17:05:14","modified_gmt":"2025-11-15T17:05:14","slug":"o-quero-voltar-para-os-bracos-da-minha-mae-esta-a-tornar-se-mais-real-para-os-portugueses-na-alemanha","status":"publish","type":"post","link":"https:\/\/www.europesays.com\/pt\/152942\/","title":{"rendered":"O &#8220;quero voltar para os bra\u00e7os da minha m\u00e3e&#8221; est\u00e1 a tornar-se mais real para os portugueses na Alemanha"},"content":{"rendered":"<p class=\"wp-caption-text top\">Ma\u0301rio Cruz \/ Lusa<\/p>\n<p><img decoding=\"async\" loading=\"lazy\" class=\"size-kopa-image-size-3 wp-image-482569\" src=\"https:\/\/www.europesays.com\/pt\/wp-content\/uploads\/2025\/11\/9931150e593e21a8a7c479762c4a5c15-783x450.jpg\" alt=\"\" width=\"700\" height=\"402\"  \/><\/p>\n<p><strong>A comunidade portuguesa a residir em territ\u00f3rio alem\u00e3o teme pela diminui\u00e7\u00e3o da qualidade de vida naquele pa\u00eds, nos pr\u00f3ximos anos.<\/strong><\/p>\n<p>Pedro Abrunhosa cantava: \u201c\u00e9 t\u00e3o cinzenta a Alemanha \/ e a saudade tamanha (\u2026) quero voltar para os bra\u00e7os da minha m\u00e3e\u201d. Por\u00e9m, o clima sombrio alem\u00e3o parece ser agora o menor problemas dos portugueses l\u00e1 emigrados.<\/p>\n<p>Um inqu\u00e9rito conduzido pela Associa\u00e7\u00e3o de P\u00f3s-Graduados Portugueses na Alemanha (ASPPA), divulgado este s\u00e1bado, revela <strong>crescente preocupa\u00e7\u00e3o pela situa\u00e7\u00e3o pol\u00edtica<\/strong> que pode levar \u00e0 diminui\u00e7\u00e3o da qualidade de vida, e agravamento da forma como os emigrantes s\u00e3o vistos.<\/p>\n<p>Neste estudo, 59% dos inquiridos afirmaram ter sentido um <strong>agravamento na forma como os emigrantes s\u00e3o tratados ou vistos<\/strong> na sociedade alem\u00e3 nos \u00faltimos anos.<\/p>\n<p>O n\u00famero baixa quando questionados sobre discrimina\u00e7\u00e3o no local de trabalho associada \u00e0 nacionalidade portuguesa. Dos inquiridos, 67% assumem nunca ter sentido discrimina\u00e7\u00e3o, 22% respondem que sim, e 11% dizem n\u00e3o ter sido v\u00edtima direta, mas j\u00e1 ter assistido.<\/p>\n<p>Responderam ao inqu\u00e9rito cerca de 200 portugueses a viver na Alemanha. Para chegar aos membros da comunidade, a ASPPA utilizou as redes sociais, escrevendo em mais de 20 grupos no Facebook e no LinkedIn. Al\u00e9m das newsletters e da ajuda dos consulados, foram tamb\u00e9m enviadas mensagens a mais de 50 associa\u00e7\u00f5es espalhadas pelo pa\u00eds.<\/p>\n<p>A <strong>maioria dos participantes vive h\u00e1 mais de sete anos na Alemanha<\/strong> e concluiu o ensino superior.<\/p>\n<p>A maior parte, 47,3%, admite sentir-se bem recebida pela comunidade local, 26,6% muito bem recebida, e <strong>7,7% confessa n\u00e3o se sentir bem acolhidos<\/strong>.<\/p>\n<p>Quando questionados sobre a liga\u00e7\u00e3o \u00e0 comunidade portuguesa na Alemanha, 36% dos inquiridos responderam n\u00e3o sentir qualquer conex\u00e3o, 27% disse n\u00e3o conhecer comunidade ativa na zona onde vive, e <strong>37% assumiu sentir-se ligado \u00e0 comunidade portuguesa<\/strong>.<\/p>\n<p>Al\u00e9m dos servi\u00e7os consulares, 60% dos portugueses a viver na Alemanha admite n\u00e3o recorrer a outras institui\u00e7\u00f5es ou associa\u00e7\u00f5es.<\/p>\n<p>Sobre o que <strong>melhorar no apoio aos emigrantes<\/strong>, os entrevistados apontam:<\/p>\n<ul>\n<li>os servi\u00e7os consulares;<\/li>\n<li>a falta de apoio \u00e0 integra\u00e7\u00e3o;<\/li>\n<li>e lacunas no ensino da l\u00edngua portuguesa.<\/li>\n<\/ul>\n<p>A <strong>diminui\u00e7\u00e3o da qualidade de vida e de oportunidades de trabalho<\/strong> s\u00e3o as duas maiores preocupa\u00e7\u00f5es dos portugueses que participaram neste estudo.<\/p>\n<p>E o ver\u00e3o nunca mais vem\u2026<\/p>\n<p>    <a href=\"https:\/\/zap.aeiou.pt\/subscrever-newsletter\" data-wpel-link=\"internal\" rel=\"nofollow noopener\" target=\"_blank\">&#13;<br \/>\n        <img loading=\"lazy\" decoding=\"async\" class=\"aligncenter size-full wp-image-575475\" src=\"https:\/\/www.europesays.com\/pt\/wp-content\/uploads\/2025\/11\/2d51fe4a0ba54894421ead1809309ed9-1-450x140.jpg\" alt=\"Subscreva a Newsletter ZAP\" width=\"450\" height=\"140\"\/>&#13;<br \/>\n    <\/a><\/p>\n<p>                <a href=\"https:\/\/whatsapp.com\/channel\/0029VaIC4EE2f3EJZPPSbR34\" data-wpel-link=\"external\" target=\"_blank\" rel=\"nofollow external noopener noreferrer\" class=\"ext-link\">&#13;<br \/>\n                    <img loading=\"lazy\" decoding=\"async\" class=\"aligncenter size-full wp-image-575475\" src=\"https:\/\/www.europesays.com\/pt\/wp-content\/uploads\/2025\/11\/c68c559d956d4ca20f435ed74a6e71e6.png\" alt=\"Siga-nos no WhatsApp\" width=\"175\" height=\"64\"\/>&#13;<br \/>\n                <\/a><\/p>\n<p>                <a href=\"https:\/\/news.google.com\/publications\/CAAiEHRwZondIV71PDjWNoqMduEqFAgKIhB0cGaJ3SFe9Tw41jaKjHbh?hl=en-US&amp;gl=US&amp;ceid=US%3Aen\" data-wpel-link=\"external\" target=\"_blank\" rel=\"nofollow external noopener noreferrer\" class=\"ext-link\">&#13;<br \/>\n                    <img loading=\"lazy\" decoding=\"async\" class=\"aligncenter size-full wp-image-575475\" src=\"https:\/\/www.europesays.com\/pt\/wp-content\/uploads\/2025\/11\/5123dd8b087b644fdb8f8603acd1bad4.png\" alt=\"Siga-nos no Google News\" width=\"176\" height=\"64\"\/>&#13;<br \/>\n                <\/a><\/p>\n","protected":false},"excerpt":{"rendered":"Ma\u0301rio Cruz \/ Lusa A comunidade portuguesa a residir em territ\u00f3rio alem\u00e3o teme pela diminui\u00e7\u00e3o da qualidade de&hellip;\n","protected":false},"author":2,"featured_media":152943,"comment_status":"","ping_status":"","sticky":false,"template":"","format":"standard","meta":{"footnotes":""},"categories":[50],"tags":[1305,27,28,15,16,14,1481,25,26,21,22,62,12,13,19,20,4007,23,24,8218,17,18,849,29,30,31,63,64,65,21377],"class_list":{"0":"post-152942","1":"post","2":"type-post","3":"status-publish","4":"format-standard","5":"has-post-thumbnail","7":"category-mundo","8":"tag-alemanha","9":"tag-breaking-news","10":"tag-breakingnews","11":"tag-featured-news","12":"tag-featurednews","13":"tag-headlines","14":"tag-imigracao","15":"tag-latest-news","16":"tag-latestnews","17":"tag-main-news","18":"tag-mainnews","19":"tag-mundo","20":"tag-news","21":"tag-noticias","22":"tag-noticias-principais","23":"tag-noticiasprincipais","24":"tag-politica-internacional","25":"tag-principais-noticias","26":"tag-principaisnoticias","27":"tag-saudade","28":"tag-top-stories","29":"tag-topstories","30":"tag-trabalho","31":"tag-ultimas","32":"tag-ultimas-noticias","33":"tag-ultimasnoticias","34":"tag-world","35":"tag-world-news","36":"tag-worldnews","37":"tag-xenofobia"},"share_on_mastodon":{"url":"","error":"Validation failed: Text character limit of 500 exceeded"},"_links":{"self":[{"href":"https:\/\/www.europesays.com\/pt\/wp-json\/wp\/v2\/posts\/152942","targetHints":{"allow":["GET"]}}],"collection":[{"href":"https:\/\/www.europesays.com\/pt\/wp-json\/wp\/v2\/posts"}],"about":[{"href":"https:\/\/www.europesays.com\/pt\/wp-json\/wp\/v2\/types\/post"}],"author":[{"embeddable":true,"href":"https:\/\/www.europesays.com\/pt\/wp-json\/wp\/v2\/users\/2"}],"replies":[{"embeddable":true,"href":"https:\/\/www.europesays.com\/pt\/wp-json\/wp\/v2\/comments?post=152942"}],"version-history":[{"count":0,"href":"https:\/\/www.europesays.com\/pt\/wp-json\/wp\/v2\/posts\/152942\/revisions"}],"wp:featuredmedia":[{"embeddable":true,"href":"https:\/\/www.europesays.com\/pt\/wp-json\/wp\/v2\/media\/152943"}],"wp:attachment":[{"href":"https:\/\/www.europesays.com\/pt\/wp-json\/wp\/v2\/media?parent=152942"}],"wp:term":[{"taxonomy":"category","embeddable":true,"href":"https:\/\/www.europesays.com\/pt\/wp-json\/wp\/v2\/categories?post=152942"},{"taxonomy":"post_tag","embeddable":true,"href":"https:\/\/www.europesays.com\/pt\/wp-json\/wp\/v2\/tags?post=152942"}],"curies":[{"name":"wp","href":"https:\/\/api.w.org\/{rel}","templated":true}]}}