{"id":15295,"date":"2025-08-04T09:58:18","date_gmt":"2025-08-04T09:58:18","guid":{"rendered":"https:\/\/www.europesays.com\/pt\/15295\/"},"modified":"2025-08-04T09:58:18","modified_gmt":"2025-08-04T09:58:18","slug":"joao-maneira-desabafo-em-lagrimas-deixa-seguidores-preocupados-nao-espero-recuperar","status":"publish","type":"post","link":"https:\/\/www.europesays.com\/pt\/15295\/","title":{"rendered":"Jo\u00e3o Maneira &#8211; Desabafo em l\u00e1grimas deixa seguidores preocupados: \u201cN\u00e3o espero recuperar&#8230;\u201d"},"content":{"rendered":"<p><strong>Jo\u00e3o Maneira<\/strong> parece estar a passar por uma fase complicada na sua vida. O ator recorreu esta sexta-feira, 1 de agosto, \u00e0s redes sociais para fazer um desabafo e acabou por preocupar os f\u00e3s.<\/p>\n<p><strong>\u201cH\u00e1 muito tempo quis fazer este v\u00eddeo e nunca o fiz porque sempre tive vergonha\u201d<\/strong>, come\u00e7ou por admitir.<\/p>\n<p>O artista confessou que o que o anda a remoer \u00e9 o facto de os seus seguidores n\u00e3o saberem quem realmente ele \u00e9.<\/p>\n<p><strong>\u201cCheguei a um ponto que eu n\u00e3o quero saber qual \u00e9 que \u00e9 a minha consequ\u00eancia por eu estar a dizer a verdade\u201d<\/strong>, disse e agradeceu: \u201cVoc\u00eas ajudaram-me em muitas fases da minha vida, voc\u00eas deram-me trabalho, deram-me hype\u201d.<\/p>\n<blockquote>\n<p><strong>Leia tamb\u00e9m: Jo\u00e3o Maneira &#8211; <\/strong><a href=\"https:\/\/www.novagente.pt\/joao-maneira-pai-encontrou-o-quase-sem-vida-aos-2-anos-de-idade-estava-todo-roxo\" rel=\"nofollow noopener\" target=\"_blank\">Pai encontrou-o quase sem vida aos dois anos de idade: &#8220;Estava todo roxo&#8221;<\/a><\/p>\n<\/blockquote>\n<p><strong>\u201cN\u00e3o espero nada com o v\u00eddeo, eu n\u00e3o espero recuperar, n\u00e3o espero resolver os meus problemas de todo. S\u00f3 quero que cada uma das pessoas que me siga se sinta menos sozinha neste mundo gigante\u201d<\/strong>, proferiu emocionado.<\/p>\n<p>Com l\u00e1grimas, finalizou: <strong>\u201cN\u00e3o est\u00e3o sozinhos, ningu\u00e9m est\u00e1 sozinho. As pessoas riem \u00e0 frente de uma c\u00e2mara e choram atr\u00e1s dela, por isso\u2026 Queria-vos mostrar a minha vida nos \u00faltimos dois anos. E que nem tudo \u00e9 um mar de rosas\u201d<\/strong>.<\/p>\n<p>\u00a0<\/p>\n<p>\u00a0<\/p>\n<p>Texto: Carolina Charrua; Fotos: Redes sociais e Impala<\/p>\n<p class=\"intagram-text\">Siga a Nova Gente no Instagram<\/p>\n<p>                        <a href=\"https:\/\/www.instagram.com\/revistanovagente\/\" target=\"_blank\" aria-label=\"instagram\" rel=\"noopener nofollow\"><img decoding=\"async\" style=\"display: block; margin-left: auto; margin-right: auto; width: 250px; height: 83px;\" src=\"https:\/\/www.europesays.com\/pt\/wp-content\/uploads\/2025\/07\/Instagram_NG.png\" alt=\"instagram\"\/><\/a><br \/>\n                    <script async src=\"\/\/www.instagram.com\/embed.js\"><\/script><\/p>\n","protected":false},"excerpt":{"rendered":"Jo\u00e3o Maneira parece estar a passar por uma fase complicada na sua vida. O ator recorreu esta sexta-feira,&hellip;\n","protected":false},"author":2,"featured_media":15296,"comment_status":"","ping_status":"","sticky":false,"template":"","format":"standard","meta":{"footnotes":""},"categories":[85],"tags":[1244,3864,6068,114,115,6067,32,33],"class_list":{"0":"post-15295","1":"post","2":"type-post","3":"status-publish","4":"format-standard","5":"has-post-thumbnail","7":"category-entretenimento","8":"tag-ator","9":"tag-desabafo","10":"tag-emotivo","11":"tag-entertainment","12":"tag-entretenimento","13":"tag-joao-maneira","14":"tag-portugal","15":"tag-pt"},"share_on_mastodon":{"url":"","error":""},"_links":{"self":[{"href":"https:\/\/www.europesays.com\/pt\/wp-json\/wp\/v2\/posts\/15295","targetHints":{"allow":["GET"]}}],"collection":[{"href":"https:\/\/www.europesays.com\/pt\/wp-json\/wp\/v2\/posts"}],"about":[{"href":"https:\/\/www.europesays.com\/pt\/wp-json\/wp\/v2\/types\/post"}],"author":[{"embeddable":true,"href":"https:\/\/www.europesays.com\/pt\/wp-json\/wp\/v2\/users\/2"}],"replies":[{"embeddable":true,"href":"https:\/\/www.europesays.com\/pt\/wp-json\/wp\/v2\/comments?post=15295"}],"version-history":[{"count":0,"href":"https:\/\/www.europesays.com\/pt\/wp-json\/wp\/v2\/posts\/15295\/revisions"}],"wp:featuredmedia":[{"embeddable":true,"href":"https:\/\/www.europesays.com\/pt\/wp-json\/wp\/v2\/media\/15296"}],"wp:attachment":[{"href":"https:\/\/www.europesays.com\/pt\/wp-json\/wp\/v2\/media?parent=15295"}],"wp:term":[{"taxonomy":"category","embeddable":true,"href":"https:\/\/www.europesays.com\/pt\/wp-json\/wp\/v2\/categories?post=15295"},{"taxonomy":"post_tag","embeddable":true,"href":"https:\/\/www.europesays.com\/pt\/wp-json\/wp\/v2\/tags?post=15295"}],"curies":[{"name":"wp","href":"https:\/\/api.w.org\/{rel}","templated":true}]}}