{"id":152951,"date":"2025-11-15T17:13:20","date_gmt":"2025-11-15T17:13:20","guid":{"rendered":"https:\/\/www.europesays.com\/pt\/152951\/"},"modified":"2025-11-15T17:13:20","modified_gmt":"2025-11-15T17:13:20","slug":"disney-lanca-missao-percy-jackson","status":"publish","type":"post","link":"https:\/\/www.europesays.com\/pt\/152951\/","title":{"rendered":"Disney+ lan\u00e7a Miss\u00e3o Percy Jackson"},"content":{"rendered":"<p>O Disney+ acaba de lan\u00e7ar uma miss\u00e3o digna dos her\u00f3is do Acampamento Meio-Sangue: \u201cDisney+ Apresenta: Promo\u00e7\u00e3o Miss\u00e3o Percy Jackson\u201d, uma a\u00e7\u00e3o especial que convida os f\u00e3s de Percy Jackson e os Olimpianos a mostrarem toda a sua criatividade e paix\u00e3o pela saga.<\/p>\n<p><strong><a href=\"https:\/\/chat.whatsapp.com\/FnDWEihz4meDvhNL3hsfMi\" target=\"_blank\" rel=\"noreferrer noopener nofollow\">Receba as Not\u00edcias de OFuxico em seu celular<\/a><\/strong><\/p>\n<p>Para participar, basta publicar um v\u00eddeo criativo de at\u00e9 90 segundos no Instagram ou TikTok, respondendo \u00e0 pergunta: \u201cQual \u00e9 o seu poder de semideus para encarar uma grande miss\u00e3o ao lado de Percy Jackson no Mar de Monstros?\u201d<\/p>\n<p>Os v\u00eddeos devem incluir a marca\u00e7\u00e3o @disneyplusbr e a hashtag #MissaoPercyJackson (ou #Miss\u00e3oPercyJackson). A promo\u00e7\u00e3o estar\u00e1 aberta entre os dias 3 e 16 de novembro de 2025.<\/p>\n<p>Ao final da miss\u00e3o, os tr\u00eas melhores v\u00eddeos escolhidos pela comiss\u00e3o julgadora do Disney+, ir\u00e3o viver uma experi\u00eancia imersiva inspirada no universo de Percy Jackson, com direito a acompanhante. O pr\u00eamio inclui participa\u00e7\u00e3o em uma pr\u00e9-estreia exclusiva da segunda temporada da s\u00e9rie em S\u00e3o Paulo, al\u00e9m de hospedagem, transporte e surpresas especiais que prometem transportar os f\u00e3s direto para o mundo dos semideuses.<\/p>\n<p>Mais do que uma promo\u00e7\u00e3o, essa \u00e9 uma forma de celebrar o poder dos f\u00e3s e a conex\u00e3o \u00fanica que eles t\u00eam com o universo de Percy Jackson.<\/p>\n<p>A s\u00e9rie Percy Jackson e os Olimpianos, baseada nos best-sellers de Rick Riordan, est\u00e1 dispon\u00edvel exclusivamente no Disney+. A nova temporada estreia dia 10 de dezembro na plataforma.<\/p>\n<p><img loading=\"lazy\" data-lazyloaded=\"1\" alt=\"\" src=\"https:\/\/www.europesays.com\/pt\/wp-content\/uploads\/2025\/11\/9ed7e31a12c9d30c29e619d1cc136524.jpg\"  class=\"avatar avatar-100 photo\" height=\"100\" width=\"100\" decoding=\"async\"\/><br \/>\n<a href=\"https:\/\/ofuxico.com.br\/author\/redacao\/\" title=\"Posts de Reda\u00e7\u00e3o\" rel=\"author nofollow noopener\" target=\"_blank\">Reda\u00e7\u00e3o<\/a><\/p>\n<p>Pioneiro no Brasil em cobertura de entretenimento, famosos, televis\u00e3o e estilo de vida, em 24 anos de hist\u00f3ria OFuxico segue princ\u00edpios editoriais norteados por valores que definem a pr\u00e1tica do bom jornalismo.<br \/>\nEspecializado em assuntos do entretenimento, celebridades, televis\u00e3o, novelas e s\u00e9ries, m\u00fasica, cinema, teatro e artes c\u00eanicas em geral, cultura pop, moda, estilo de vida, entre outros.<\/p>\n","protected":false},"excerpt":{"rendered":"O Disney+ acaba de lan\u00e7ar uma miss\u00e3o digna dos her\u00f3is do Acampamento Meio-Sangue: \u201cDisney+ Apresenta: Promo\u00e7\u00e3o Miss\u00e3o Percy&hellip;\n","protected":false},"author":2,"featured_media":152952,"comment_status":"","ping_status":"","sticky":false,"template":"","format":"standard","meta":{"footnotes":""},"categories":[140],"tags":[114,115,147,148,146,32,33],"class_list":{"0":"post-152951","1":"post","2":"type-post","3":"status-publish","4":"format-standard","5":"has-post-thumbnail","7":"category-filmes","8":"tag-entertainment","9":"tag-entretenimento","10":"tag-film","11":"tag-filmes","12":"tag-movies","13":"tag-portugal","14":"tag-pt"},"share_on_mastodon":{"url":"https:\/\/pubeurope.com\/@pt\/115554838524493063","error":""},"_links":{"self":[{"href":"https:\/\/www.europesays.com\/pt\/wp-json\/wp\/v2\/posts\/152951","targetHints":{"allow":["GET"]}}],"collection":[{"href":"https:\/\/www.europesays.com\/pt\/wp-json\/wp\/v2\/posts"}],"about":[{"href":"https:\/\/www.europesays.com\/pt\/wp-json\/wp\/v2\/types\/post"}],"author":[{"embeddable":true,"href":"https:\/\/www.europesays.com\/pt\/wp-json\/wp\/v2\/users\/2"}],"replies":[{"embeddable":true,"href":"https:\/\/www.europesays.com\/pt\/wp-json\/wp\/v2\/comments?post=152951"}],"version-history":[{"count":0,"href":"https:\/\/www.europesays.com\/pt\/wp-json\/wp\/v2\/posts\/152951\/revisions"}],"wp:featuredmedia":[{"embeddable":true,"href":"https:\/\/www.europesays.com\/pt\/wp-json\/wp\/v2\/media\/152952"}],"wp:attachment":[{"href":"https:\/\/www.europesays.com\/pt\/wp-json\/wp\/v2\/media?parent=152951"}],"wp:term":[{"taxonomy":"category","embeddable":true,"href":"https:\/\/www.europesays.com\/pt\/wp-json\/wp\/v2\/categories?post=152951"},{"taxonomy":"post_tag","embeddable":true,"href":"https:\/\/www.europesays.com\/pt\/wp-json\/wp\/v2\/tags?post=152951"}],"curies":[{"name":"wp","href":"https:\/\/api.w.org\/{rel}","templated":true}]}}