{"id":152953,"date":"2025-11-15T17:14:08","date_gmt":"2025-11-15T17:14:08","guid":{"rendered":"https:\/\/www.europesays.com\/pt\/152953\/"},"modified":"2025-11-15T17:14:08","modified_gmt":"2025-11-15T17:14:08","slug":"roberto-martinez-e-as-perguntas-sobre-ronaldo-uma-falta-de-respeito-futebol-internacional","status":"publish","type":"post","link":"https:\/\/www.europesays.com\/pt\/152953\/","title":{"rendered":"Roberto Mart\u00ednez e as perguntas sobre Ronaldo: \u201cUma falta de respeito\u201d | Futebol internacional"},"content":{"rendered":"<p>Foi relativamente curta a confer\u00eancia de imprensa de Roberto Mart\u00ednez para lan\u00e7ar o jogo decisivo com a Arm\u00e9nia, que determinar\u00e1 se Portugal se apura directamente para o Mundial 2026. O seleccionador nacional deixou alguns elogios ao advers\u00e1rio, aplaudiu a reac\u00e7\u00e3o dos jogadores \u00e0 <a href=\"https:\/\/www.publico.pt\/2025\/11\/13\/desporto\/cronica_de_jogo\/portugal-derrotado-dublin-desastre-espera-acontecer-2154576\" rel=\"nofollow noopener\" target=\"_blank\">derrota em Dublin<\/a> e mostrou alguma irrita\u00e7\u00e3o com o tema Cristiano Ronaldo.<\/p>\n<p>A pergunta era simples: depois da expuls\u00e3o diante da Irlanda e da <a href=\"https:\/\/www.publico.pt\/2025\/11\/14\/desporto\/noticia\/mundial2026-cristiano-ronaldo-dispensado-trabalhos-selecao-2154604\" rel=\"nofollow noopener\" target=\"_blank\">dispensa dos treinos seguintes<\/a> pela selec\u00e7\u00e3o, o capit\u00e3o vai estar presente no jogo de domingo? A resposta mereceu um enquadramento pr\u00e9vio, a que se seguiu algum descontentamento com a abordagem do assunto.<\/p>\n<p>&#8220;J\u00e1 falei do modus operandi da selec\u00e7\u00e3o: quando h\u00e1 um jogador lesionado, n\u00e3o est\u00e1 na selec\u00e7\u00e3o. Quando h\u00e1 um jogador suspenso, n\u00e3o est\u00e1 na selec\u00e7\u00e3o. Porque o foco dele n\u00e3o \u00e9 o foco de jogar. Sempre trabalh\u00e1mos assim. Quando n\u00e3o est\u00e1 na convocat\u00f3ria no dia de jogo n\u00e3o est\u00e1 selec\u00e7\u00e3o. J\u00e1 fizemos isso com o Bruno na Irlanda. O Cristiano tamb\u00e9m teve cart\u00f5es e n\u00e3o estava. Foi com o Luxemburgo e tivemos o melhor resultado de sempre. S\u00e3o perguntas que s\u00e3o uma falta de respeito para o Cristiano e para quem c\u00e1 est\u00e1. \u00c9 como questionar o compromisso do Cristiano. Por que vamos falar nisso? Ganhou muitos jogos, o compromisso \u00e9 impec\u00e1vel. E agora tem cart\u00f5es e n\u00e3o consegue estar aqui&#8221;, explicou Mart\u00ednez.<\/p>\n<p>        &#13;<\/p>\n<p>&#13;<br \/>\n                &#13;\n            <\/p>\n<p>&#13;<\/p>\n<p>De resto, o t\u00e9cnico voltou a pronunciar-se sobre o lance que resultou no cart\u00e3o vermelho directo a Cristiano Ronaldo, para comentar o facto de a Federa\u00e7\u00e3o Portuguesa de Futebol (FPF) estar a preparar uma exposi\u00e7\u00e3o \u00e0 FIFA para evitar uma suspens\u00e3o do avan\u00e7ado por mais do que um jogo. Exposi\u00e7\u00e3o, essa, cuja argumenta\u00e7\u00e3o assenta em tr\u00eas pontos: o clima pr\u00e9-jogo criado pelo seleccionador da Irlanda, a jogada em si e a aus\u00eancia de antecedentes de Ronaldo na selec\u00e7\u00e3o.<\/p>\n<p>&#8220;Vi a reac\u00e7\u00e3o dele a uma provoca\u00e7\u00e3o. Come\u00e7ou ao princ\u00edpio do jogo, em todos os lances na \u00e1rea. Come\u00e7ou at\u00e9 no dia antes na confer\u00eancia. E foi uma reac\u00e7\u00e3o de tentar continuar a jogar. Outros podem cair no ch\u00e3o e procurar pen\u00e1lti. N\u00e3o \u00e9 uma ac\u00e7\u00e3o violenta, n\u00e3o \u00e9 vermelho por viol\u00eancia, mas a reac\u00e7\u00e3o a uma provoca\u00e7\u00e3o. Precisamos tentar mostrar o caso e preparar bem. Diria que seria muito injusto ser uma san\u00e7\u00e3o longa&#8221;, apontou Roberto Mart\u00ednez.<\/p>\n<p>Portugal, que j\u00e1 <a href=\"https:\/\/www.publico.pt\/2025\/10\/14\/desporto\/cronica_de_jogo\/mundial2026-bis-cristiano-ronaldo-nao-chegou-antecipar-apuramento-2150849\" rel=\"nofollow noopener\" target=\"_blank\">desperdi\u00e7ou dois match-points<\/a> no apuramento para o Mundial 2026, procura no domingo confirmar a vit\u00f3ria no grupo, com um triunfo sobre a Arm\u00e9nia &#8211; advers\u00e1rio que recentemente derrotou, fora de portas, por 0-5. O hor\u00e1rio do jogo \u00e9 invulgar, j\u00e1 que o in\u00edcio est\u00e1 agendado para as 14h, no Est\u00e1dio do Drag\u00e3o, naquela que ser\u00e1 a \u00faltima partida desta fase (no limite, Portugal poder\u00e1 ter de disputar ainda um play-off).<\/p>\n","protected":false},"excerpt":{"rendered":"Foi relativamente curta a confer\u00eancia de imprensa de Roberto Mart\u00ednez para lan\u00e7ar o jogo decisivo com a Arm\u00e9nia,&hellip;\n","protected":false},"author":2,"featured_media":152954,"comment_status":"","ping_status":"","sticky":false,"template":"","format":"standard","meta":{"footnotes":""},"categories":[87],"tags":[667,135,138,32,33,12996,10301,134],"class_list":{"0":"post-152953","1":"post","2":"type-post","3":"status-publish","4":"format-standard","5":"has-post-thumbnail","7":"category-desporto","8":"tag-cristiano-ronaldo","9":"tag-desporto","10":"tag-futebol-internacional","11":"tag-portugal","12":"tag-pt","13":"tag-roberto-martinez","14":"tag-seleccao-nacional","15":"tag-sports"},"share_on_mastodon":{"url":"https:\/\/pubeurope.com\/@pt\/115554842227354369","error":""},"_links":{"self":[{"href":"https:\/\/www.europesays.com\/pt\/wp-json\/wp\/v2\/posts\/152953","targetHints":{"allow":["GET"]}}],"collection":[{"href":"https:\/\/www.europesays.com\/pt\/wp-json\/wp\/v2\/posts"}],"about":[{"href":"https:\/\/www.europesays.com\/pt\/wp-json\/wp\/v2\/types\/post"}],"author":[{"embeddable":true,"href":"https:\/\/www.europesays.com\/pt\/wp-json\/wp\/v2\/users\/2"}],"replies":[{"embeddable":true,"href":"https:\/\/www.europesays.com\/pt\/wp-json\/wp\/v2\/comments?post=152953"}],"version-history":[{"count":0,"href":"https:\/\/www.europesays.com\/pt\/wp-json\/wp\/v2\/posts\/152953\/revisions"}],"wp:featuredmedia":[{"embeddable":true,"href":"https:\/\/www.europesays.com\/pt\/wp-json\/wp\/v2\/media\/152954"}],"wp:attachment":[{"href":"https:\/\/www.europesays.com\/pt\/wp-json\/wp\/v2\/media?parent=152953"}],"wp:term":[{"taxonomy":"category","embeddable":true,"href":"https:\/\/www.europesays.com\/pt\/wp-json\/wp\/v2\/categories?post=152953"},{"taxonomy":"post_tag","embeddable":true,"href":"https:\/\/www.europesays.com\/pt\/wp-json\/wp\/v2\/tags?post=152953"}],"curies":[{"name":"wp","href":"https:\/\/api.w.org\/{rel}","templated":true}]}}