{"id":152964,"date":"2025-11-15T17:26:23","date_gmt":"2025-11-15T17:26:23","guid":{"rendered":"https:\/\/www.europesays.com\/pt\/152964\/"},"modified":"2025-11-15T17:26:23","modified_gmt":"2025-11-15T17:26:23","slug":"horoscopo-do-dia-previsao-para-os-12-signos-em-15-11-2025","status":"publish","type":"post","link":"https:\/\/www.europesays.com\/pt\/152964\/","title":{"rendered":"Hor\u00f3scopo do dia: previs\u00e3o para os 12 signos em 15\/11\/2025"},"content":{"rendered":"<p>                    Ser\u00e1 importante que os nativos invistam na paci\u00eancia, no autocuidado e nas decis\u00f5es conscientes <img decoding=\"async\" src=\"https:\/\/www.europesays.com\/pt\/wp-content\/uploads\/2025\/11\/horoscopo-do-dia-previsao-para-os-12-signos-em-15-11-2025.jpg\" class=\"img-responsive type:primaryImage\" alt=\"Ser\u00e1 importante que os nativos invistam na paci\u00eancia, no autocuidado e nas decis\u00f5es conscientes \"\/>Imagem: sarayut_sy | Shutterstock<\/p>\n<p>O s\u00e1bado trar\u00e1 um clima de introspec\u00e7\u00e3o, sensibilidade e busca por equil\u00edbrio. Muitos signos sentir\u00e3o a necessidade de revisar expectativas, ajustar limites e organizar melhor os sentimentos antes de agir. As rela\u00e7\u00f5es despertar\u00e3o reflex\u00f5es importantes, enquanto emo\u00e7\u00f5es antigas e intui\u00e7\u00f5es mais fortes poder\u00e3o surgir. O dia convidar\u00e1 \u00e0 paci\u00eancia, ao autocuidado e a decis\u00f5es mais conscientes. Confira as previs\u00f5es do hor\u00f3scopo para o seu signo e descubra como aproveitar ao m\u00e1ximo as energias do dia!<\/p>\n<p><strong>\u00c1ries<\/strong><br \/>\nOs nativos de \u00c1ries buscar\u00e3o mais equil\u00edbrio nos relacionamentos ao longo do s\u00e1bado <img decoding=\"async\" src=\"https:\/\/www.europesays.com\/pt\/wp-content\/uploads\/2025\/11\/1aries-21-1024x683.jpg\" class=\"img-responsive type:primaryImage\"\/>Imagem: warmjuly | Shutterstock<\/p>\n<p>Neste s\u00e1bado, voc\u00ea buscar\u00e1 mais equil\u00edbrio nas rela\u00e7\u00f5es, e a maturidade emocional ser\u00e1 essencial. A intera\u00e7\u00e3o com outras pessoas poder\u00e1 trazer aprendizados profundos, exigindo paci\u00eancia e abertura para perceber aquilo que antes passava despercebido. O per\u00edodo favorecer\u00e1 o ajuste de expectativas, o fortalecimento de v\u00ednculos e a compreens\u00e3o dos limites.<\/p>\n<p><strong>Touro<\/strong><br \/>\nQuest\u00f5es profissionais ou de sa\u00fade poder\u00e3o demandar mais aten\u00e7\u00e3o dos nativos de Touro <img decoding=\"async\" src=\"https:\/\/www.europesays.com\/pt\/wp-content\/uploads\/2025\/11\/2touro-23-1024x683.jpg\" class=\"img-responsive type:primaryImage\"\/>Imagem: warmjuly | Shutterstock<\/p>\n<p>Hoje, voc\u00ea perceber\u00e1 uma mudan\u00e7a sutil na rotina, com a necessidade de dedicar mais aten\u00e7\u00e3o ao corpo, aos h\u00e1bitos e ao equil\u00edbrio entre deveres e bem-estar. \u00c9 prov\u00e1vel que surja uma sensa\u00e7\u00e3o de cobran\u00e7a interna, exigindo mais disciplina; contudo, tamb\u00e9m ser\u00e1 importante ter gentileza consigo mesmo(a). Quest\u00f5es de sa\u00fade ou relacionadas ao<strong> trabalho <\/strong>poder\u00e3o demandar maior organiza\u00e7\u00e3o.<\/p>\n<p><strong>G\u00eameos<\/strong><br \/>\nOs nativos de G\u00eameos desejar\u00e3o se expressar com criatividade, equil\u00edbrio e leveza <img decoding=\"async\" src=\"https:\/\/www.europesays.com\/pt\/wp-content\/uploads\/2025\/11\/3gemeos-21-1024x683.jpg\" class=\"img-responsive type:primaryImage\"\/>Imagem: warmjuly | Shutterstock<\/p>\n<p>Neste s\u00e1bado, voc\u00ea sentir\u00e1 vontade de se expressar com mais criatividade, equil\u00edbrio e leveza; contudo, tamb\u00e9m poder\u00e1 perceber uma tens\u00e3o interna que exigir\u00e1 clareza emocional. Al\u00e9m disso, responsabilidades do passado poder\u00e3o reaparecer, pedindo maturidade, enquanto d\u00favidas internas indicar\u00e3o a necessidade de introspec\u00e7\u00e3o antes de qualquer decis\u00e3o.<\/p>\n<p><strong>C\u00e2ncer<\/strong><br \/>\nNeste s\u00e1bado, as rela\u00e7\u00f5es familiares dos nativos de C\u00e2ncer poder\u00e3o despertar emo\u00e7\u00f5es antigas <img decoding=\"async\" src=\"https:\/\/www.europesays.com\/pt\/wp-content\/uploads\/2025\/11\/4cancer-20-1024x683.jpg\" class=\"img-responsive type:primaryImage\"\/>Imagem: warmjuly | Shutterstock<\/p>\n<p>Hoje, voc\u00ea experimentar\u00e1 uma mistura de acolhimento e inquieta\u00e7\u00e3o no ambiente dom\u00e9stico. A necessidade de harmonia se far\u00e1 presente, enquanto outra parte de voc\u00ea buscar\u00e1 sil\u00eancio para refletir. <strong>Rela\u00e7\u00f5es familiares <\/strong>poder\u00e3o despertar emo\u00e7\u00f5es antigas, trazendo clareza sobre o que precisa de cuidado e sobre o que pode ser liberado. Escutar o pr\u00f3prio interior ser\u00e1 essencial antes de agir.<\/p>\n<p><strong>Le\u00e3o<\/strong><br \/>\nDesde que haja paci\u00eancia, trocas inteligentes iluminar\u00e3o o s\u00e1bado dos nativos de Le\u00e3o <img decoding=\"async\" src=\"https:\/\/www.europesays.com\/pt\/wp-content\/uploads\/2025\/11\/5leao-20-1024x683.jpg\" class=\"img-responsive type:primaryImage\"\/>Imagem: warmjuly | Shutterstock<\/p>\n<p>Neste s\u00e1bado, voc\u00ea estar\u00e1 mais atento(a) \u00e0s conversas e aos sinais sutis ao seu redor, buscando um ponto de equil\u00edbrio entre expressar ideias e ponderar palavras. Algumas d\u00favidas internas poder\u00e3o surgir, pedindo sil\u00eancio e reflex\u00e3o. Mesmo assim, trocas inteligentes iluminar\u00e3o o dia, desde que haja paci\u00eancia.<\/p>\n<p><strong>Virgem<\/strong><br \/>\nOs nativos de Virgem perceber\u00e3o uma sensibilidade maior ao lidar com quest\u00f5es materiais <img decoding=\"async\" src=\"https:\/\/www.europesays.com\/pt\/wp-content\/uploads\/2025\/11\/6virgem-19-1024x683.jpg\" class=\"img-responsive type:primaryImage\"\/>Imagem: warmjuly | Shutterstock<\/p>\n<p>Hoje, voc\u00ea perceber\u00e1 uma sensibilidade maior ao lidar com<strong> quest\u00f5es materiais <\/strong>e emocionais, buscando equil\u00edbrio entre o que deseja investir e o que precisa preservar. Algumas d\u00favidas poder\u00e3o surgir ao avaliar prioridades, levando voc\u00ea a refletir profundamente sobre o que realmente traz seguran\u00e7a e sobre os seus valores pessoais.<\/p>\n<p><strong>Libra<\/strong><br \/>\nOs nativos de Libra poder\u00e3o refletir sobre os pr\u00f3prios ideias <img decoding=\"async\" src=\"https:\/\/www.europesays.com\/pt\/wp-content\/uploads\/2025\/11\/7libra-19-1024x683.jpg\" class=\"img-responsive type:primaryImage\"\/>Imagem: warmjuly | Shutterstock<\/p>\n<p>Neste s\u00e1bado, voc\u00ea sentir\u00e1 necessidade de introspec\u00e7\u00e3o, buscando compreender melhor suas emo\u00e7\u00f5es e motiva\u00e7\u00f5es. O dia tender\u00e1 a favorecer uma desacelera\u00e7\u00e3o natural, ajudando voc\u00ea a refletir sobre seus ideais e a filtrar o que realmente se alinha \u00e0 sua verdade interior. Poss\u00edveis ilus\u00f5es poder\u00e3o aparecer, tornando importante observar com cuidado antes de tomar decis\u00f5es relevantes.<\/p>\n<p><strong>Escorpi\u00e3o<\/strong><br \/>\nA medita\u00e7\u00e3o e as pr\u00e1ticas que aproximem corpo e mente ajudar\u00e3o os nativos de Escorpi\u00e3o a dissolverem tens\u00f5es internas <img decoding=\"async\" src=\"https:\/\/www.europesays.com\/pt\/wp-content\/uploads\/2025\/11\/8escorpiao-17-1024x683.jpg\" class=\"img-responsive type:primaryImage\"\/>Imagem: warmjuly | Shutterstock<\/p>\n<p>Hoje, voc\u00ea poder\u00e1 perceber emo\u00e7\u00f5es profundas surgindo de forma inesperada, acompanhadas de <strong>intui\u00e7\u00f5es <\/strong>e lembran\u00e7as que solicitar\u00e3o aten\u00e7\u00e3o. O dia favorecer\u00e1 introspec\u00e7\u00e3o, medita\u00e7\u00e3o e pr\u00e1ticas que aproximem corpo e mente, ajudando a dissolver tens\u00f5es internas. Evitar decis\u00f5es precipitadas ser\u00e1 positivo, pois a sensibilidade funcionar\u00e1 como guia.<\/p>\n<p><strong>Sagit\u00e1rio<\/strong><br \/>\nOs nativos de Sagit\u00e1rio precisar\u00e3o equilibrar expectativas e limites <img decoding=\"async\" src=\"https:\/\/www.europesays.com\/pt\/wp-content\/uploads\/2025\/11\/9sagitario-16-1024x683.jpg\" class=\"img-responsive type:primaryImage\"\/>Imagem: warmjuly | Shutterstock<\/p>\n<p>Neste s\u00e1bado, voc\u00ea poder\u00e1 notar certa tens\u00e3o nas rela\u00e7\u00f5es de amizade e nos grupos que frequenta, exigindo equil\u00edbrio entre expectativas e limites. Planos coletivos poder\u00e3o gerar confus\u00e3o ou frustra\u00e7\u00e3o, pedindo mais paci\u00eancia e clareza na comunica\u00e7\u00e3o. Procure valorizar conex\u00f5es verdadeiras e escolher com cuidado onde investir energia.<\/p>\n<p><strong>Capric\u00f3rnio<\/strong><br \/>\nAlgumas situa\u00e7\u00f5es no trabalho exigir\u00e3o paci\u00eancia e discernimento dos nativos de Capric\u00f3rnio <img decoding=\"async\" src=\"https:\/\/www.europesays.com\/pt\/wp-content\/uploads\/2025\/11\/10capricornio-15-1024x683.jpg\" class=\"img-responsive type:primaryImage\"\/>Imagem: warmjuly | Shutterstock<\/p>\n<p>Neste s\u00e1bado, voc\u00ea sentir\u00e1 necessidade de cautela em quest\u00f5es profissionais, mesmo que<strong> sua ambi\u00e7\u00e3o <\/strong>esteja mais forte. Situa\u00e7\u00f5es no trabalho poder\u00e3o exigir paci\u00eancia e discernimento, e desafios antigos poder\u00e3o voltar \u00e0 tona. Manter clareza sobre seus objetivos ajudar\u00e1 voc\u00ea a lidar com idealiza\u00e7\u00f5es e press\u00f5es externas.<\/p>\n<p><strong>Aqu\u00e1rio<\/strong><br \/>\nOs nativos de Aqu\u00e1rio desejar\u00e3o ampliar os horizontes e refletir sobre os planos <img decoding=\"async\" src=\"https:\/\/www.europesays.com\/pt\/wp-content\/uploads\/2025\/11\/11aquario-18-1024x683.jpg\" class=\"img-responsive type:primaryImage\"\/>Imagem: warmjuly | Shutterstock<\/p>\n<p>Hoje, voc\u00ea sentir\u00e1 vontade de ampliar horizontes e refletir sobre planos. Algumas d\u00favidas poder\u00e3o surgir, exigindo paci\u00eancia e discernimento. O per\u00edodo favorecer\u00e1 a revis\u00e3o de ideias, a an\u00e1lise das informa\u00e7\u00f5es dispon\u00edveis e o controle dos impulsos. Conversas profundas e trocas de experi\u00eancias ter\u00e3o grande potencial para trazer clareza e ajud\u00e1-lo(a) a tomar decis\u00f5es mais conscientes.<\/p>\n<p><strong>Peixes<\/strong><br \/>\nOs nativos de Peixes precisar\u00e3o equilibrar as pr\u00f3prias necessidades com as dos outros <img decoding=\"async\" src=\"https:\/\/www.europesays.com\/pt\/wp-content\/uploads\/2025\/11\/12peixes-21-1024x683.jpg\" class=\"img-responsive type:primaryImage\"\/>Imagem: warmjuly | Shutterstock<\/p>\n<p>Hoje, voc\u00ea poder\u00e1 enfrentar desafios nas <strong>rela\u00e7\u00f5es mais pr\u00f3ximas<\/strong>. Ser\u00e1 necess\u00e1rio equilibrar suas necessidades com as dos outros. Mal-entendidos ou expectativas frustradas poder\u00e3o surgir, exigindo uma comunica\u00e7\u00e3o cuidadosa. O per\u00edodo favorecer\u00e1 reflex\u00f5es sobre v\u00ednculos importantes e o estabelecimento de limites saud\u00e1veis, sem sentimentos de culpa.<\/p>\n","protected":false},"excerpt":{"rendered":"Ser\u00e1 importante que os nativos invistam na paci\u00eancia, no autocuidado e nas decis\u00f5es conscientes Imagem: sarayut_sy | Shutterstock&hellip;\n","protected":false},"author":2,"featured_media":152965,"comment_status":"","ping_status":"","sticky":false,"template":"","format":"standard","meta":{"footnotes":""},"categories":[141],"tags":[114,115,149,150,32,33],"class_list":{"0":"post-152964","1":"post","2":"type-post","3":"status-publish","4":"format-standard","5":"has-post-thumbnail","7":"category-musica","8":"tag-entertainment","9":"tag-entretenimento","10":"tag-music","11":"tag-musica","12":"tag-portugal","13":"tag-pt"},"share_on_mastodon":{"url":"https:\/\/pubeurope.com\/@pt\/115554890144318161","error":""},"_links":{"self":[{"href":"https:\/\/www.europesays.com\/pt\/wp-json\/wp\/v2\/posts\/152964","targetHints":{"allow":["GET"]}}],"collection":[{"href":"https:\/\/www.europesays.com\/pt\/wp-json\/wp\/v2\/posts"}],"about":[{"href":"https:\/\/www.europesays.com\/pt\/wp-json\/wp\/v2\/types\/post"}],"author":[{"embeddable":true,"href":"https:\/\/www.europesays.com\/pt\/wp-json\/wp\/v2\/users\/2"}],"replies":[{"embeddable":true,"href":"https:\/\/www.europesays.com\/pt\/wp-json\/wp\/v2\/comments?post=152964"}],"version-history":[{"count":0,"href":"https:\/\/www.europesays.com\/pt\/wp-json\/wp\/v2\/posts\/152964\/revisions"}],"wp:featuredmedia":[{"embeddable":true,"href":"https:\/\/www.europesays.com\/pt\/wp-json\/wp\/v2\/media\/152965"}],"wp:attachment":[{"href":"https:\/\/www.europesays.com\/pt\/wp-json\/wp\/v2\/media?parent=152964"}],"wp:term":[{"taxonomy":"category","embeddable":true,"href":"https:\/\/www.europesays.com\/pt\/wp-json\/wp\/v2\/categories?post=152964"},{"taxonomy":"post_tag","embeddable":true,"href":"https:\/\/www.europesays.com\/pt\/wp-json\/wp\/v2\/tags?post=152964"}],"curies":[{"name":"wp","href":"https:\/\/api.w.org\/{rel}","templated":true}]}}