{"id":152968,"date":"2025-11-15T17:28:17","date_gmt":"2025-11-15T17:28:17","guid":{"rendered":"https:\/\/www.europesays.com\/pt\/152968\/"},"modified":"2025-11-15T17:28:17","modified_gmt":"2025-11-15T17:28:17","slug":"belenenses-apresenta-portal-da-transparencia","status":"publish","type":"post","link":"https:\/\/www.europesays.com\/pt\/152968\/","title":{"rendered":"Belenenses apresenta Portal da Transpar\u00eancia"},"content":{"rendered":"<p>&#8211; Advertisement &#8211;<\/p>\n<p>O Belenenses lan\u00e7a o Portal da Transpar\u00eancia. Em nota oficial, o emblema da Liga 3 descreve como um \u00abum espa\u00e7o que pretende que venha a ser um relevante reposit\u00f3rio de informa\u00e7\u00e3o do Clube e da sua SDUQ\u00bb.<\/p>\n<p>\u00abNo \u00e2mbito dos seus canais digitais de comunica\u00e7\u00e3o com os associados, o Belenenses lan\u00e7a este espa\u00e7o de transpar\u00eancia que pretende que venha a ser um relevante reposit\u00f3rio de informa\u00e7\u00e3o do Clube e da sua SDUQ, uma \u00e1rea onde disponibilizar\u00e1 publicamente informa\u00e7\u00e3o habitualmente tida como classificada, facultando aos associados \u2013 mas tamb\u00e9m aos seus parceiros e patrocinadores e, na sua qualidade de Institui\u00e7\u00e3o de Utilidade P\u00fablica, a todo o pa\u00eds desportivo -, ferramentas que lhes permitam um acompanhamento mais pr\u00f3ximo da realidade de todo o \u201cUniverso Belenenses\u201d, dos seus compromissos e modelo de gest\u00e3o\u00bb, pode ler-se mais pormenorizado.<\/p>\n<p>\u00abAcreditamos que esta iniciativa, n\u00e3o sendo pioneira, aproxima progressivamente o Belenenses dos mais elevados padr\u00f5es de transpar\u00eancia praticados no plano internacional e a todos permitir\u00e1 compreender de uma forma mais s\u00f3lida o racional das medidas que v\u00e3o sendo tomadas no dia a dia da gest\u00e3o do Clube e da sua SDUQ, dissipando d\u00favidas e refor\u00e7ando, em paralelo, a identifica\u00e7\u00e3o dos associados com os \u00f3rg\u00e3os de gest\u00e3o que, a cada momento, t\u00eam nas suas m\u00e3os o destino de todo o universo desportivo que constitui esta nossa paix\u00e3o comum\u00bb, concluem o <a href=\"https:\/\/bolanarede.pt\/etiqueta\/belenenses\/\" target=\"_blank\" rel=\"noreferrer noopener nofollow\">Belenenses<\/a>.<\/p>\n","protected":false},"excerpt":{"rendered":"&#8211; Advertisement &#8211; O Belenenses lan\u00e7a o Portal da Transpar\u00eancia. Em nota oficial, o emblema da Liga 3&hellip;\n","protected":false},"author":2,"featured_media":152969,"comment_status":"","ping_status":"","sticky":false,"template":"","format":"standard","meta":{"footnotes":""},"categories":[87],"tags":[260,8256,135,19364,32,33,134],"class_list":{"0":"post-152968","1":"post","2":"type-post","3":"status-publish","4":"format-standard","5":"has-post-thumbnail","7":"category-desporto","8":"tag-atualidade","9":"tag-belenenses","10":"tag-desporto","11":"tag-portal-da-transparencia","12":"tag-portugal","13":"tag-pt","14":"tag-sports"},"share_on_mastodon":{"url":"https:\/\/pubeurope.com\/@pt\/115554897350350808","error":""},"_links":{"self":[{"href":"https:\/\/www.europesays.com\/pt\/wp-json\/wp\/v2\/posts\/152968","targetHints":{"allow":["GET"]}}],"collection":[{"href":"https:\/\/www.europesays.com\/pt\/wp-json\/wp\/v2\/posts"}],"about":[{"href":"https:\/\/www.europesays.com\/pt\/wp-json\/wp\/v2\/types\/post"}],"author":[{"embeddable":true,"href":"https:\/\/www.europesays.com\/pt\/wp-json\/wp\/v2\/users\/2"}],"replies":[{"embeddable":true,"href":"https:\/\/www.europesays.com\/pt\/wp-json\/wp\/v2\/comments?post=152968"}],"version-history":[{"count":0,"href":"https:\/\/www.europesays.com\/pt\/wp-json\/wp\/v2\/posts\/152968\/revisions"}],"wp:featuredmedia":[{"embeddable":true,"href":"https:\/\/www.europesays.com\/pt\/wp-json\/wp\/v2\/media\/152969"}],"wp:attachment":[{"href":"https:\/\/www.europesays.com\/pt\/wp-json\/wp\/v2\/media?parent=152968"}],"wp:term":[{"taxonomy":"category","embeddable":true,"href":"https:\/\/www.europesays.com\/pt\/wp-json\/wp\/v2\/categories?post=152968"},{"taxonomy":"post_tag","embeddable":true,"href":"https:\/\/www.europesays.com\/pt\/wp-json\/wp\/v2\/tags?post=152968"}],"curies":[{"name":"wp","href":"https:\/\/api.w.org\/{rel}","templated":true}]}}