{"id":152971,"date":"2025-11-15T17:34:12","date_gmt":"2025-11-15T17:34:12","guid":{"rendered":"https:\/\/www.europesays.com\/pt\/152971\/"},"modified":"2025-11-15T17:34:12","modified_gmt":"2025-11-15T17:34:12","slug":"costa-da-caparica-bar-na-praia-destruido-por-incendio-observador","status":"publish","type":"post","link":"https:\/\/www.europesays.com\/pt\/152971\/","title":{"rendered":"Costa da Caparica. Bar na praia destru\u00eddo por inc\u00eandio \u2013 Observador"},"content":{"rendered":"<p>Segundo fonte do Comando Sub-Regional de Emerg\u00eancia e Protec\u00e7\u00e3o Civil da Pen\u00ednsula de Set\u00fabal, o alerta foi dado pelas 7h30 e os meios ainda se encontravam em trabalhos no local pelas 11h15, apesar de a ocorr\u00eancia estar dada como \u201cem resolu\u00e7\u00e3o\u201d (sem perigo de propaga\u00e7\u00e3o) no \u2018site\u2019 da Prote\u00e7\u00e3o Civil.<\/p>\n<p>\u201cFoi um inc\u00eandio num bar da Praia do Rei. O bar chama-se \u201cSalty Club\u201d e foi totalmente tomado, estando atualmente destru\u00eddo\u201d, disse. O incidente n\u00e3o causou v\u00edtimas. \u00c0s 11h20 estavam ainda no local 27 operacionais, apoiados por 11 viaturas.<\/p>\n","protected":false},"excerpt":{"rendered":"Segundo fonte do Comando Sub-Regional de Emerg\u00eancia e Protec\u00e7\u00e3o Civil da Pen\u00ednsula de Set\u00fabal, o alerta foi dado&hellip;\n","protected":false},"author":2,"featured_media":152972,"comment_status":"","ping_status":"","sticky":false,"template":"","format":"standard","meta":{"footnotes":""},"categories":[10],"tags":[59,627,27,28,15,16,14,2005,25,26,21,22,12,13,19,20,57,32,23,24,1432,33,58,17,18,29,30,31],"class_list":{"0":"post-152971","1":"post","2":"type-post","3":"status-publish","4":"format-standard","5":"has-post-thumbnail","7":"category-portugal","8":"tag-acidente","9":"tag-bombeiros","10":"tag-breaking-news","11":"tag-breakingnews","12":"tag-featured-news","13":"tag-featurednews","14":"tag-headlines","15":"tag-incu00eandios","16":"tag-latest-news","17":"tag-latestnews","18":"tag-main-news","19":"tag-mainnews","20":"tag-news","21":"tag-noticias","22":"tag-noticias-principais","23":"tag-noticiasprincipais","24":"tag-pau00eds","25":"tag-portugal","26":"tag-principais-noticias","27":"tag-principaisnoticias","28":"tag-proteu00e7u00e3o-civil","29":"tag-pt","30":"tag-sociedade","31":"tag-top-stories","32":"tag-topstories","33":"tag-ultimas","34":"tag-ultimas-noticias","35":"tag-ultimasnoticias"},"share_on_mastodon":{"url":"https:\/\/pubeurope.com\/@pt\/115554921147446097","error":""},"_links":{"self":[{"href":"https:\/\/www.europesays.com\/pt\/wp-json\/wp\/v2\/posts\/152971","targetHints":{"allow":["GET"]}}],"collection":[{"href":"https:\/\/www.europesays.com\/pt\/wp-json\/wp\/v2\/posts"}],"about":[{"href":"https:\/\/www.europesays.com\/pt\/wp-json\/wp\/v2\/types\/post"}],"author":[{"embeddable":true,"href":"https:\/\/www.europesays.com\/pt\/wp-json\/wp\/v2\/users\/2"}],"replies":[{"embeddable":true,"href":"https:\/\/www.europesays.com\/pt\/wp-json\/wp\/v2\/comments?post=152971"}],"version-history":[{"count":0,"href":"https:\/\/www.europesays.com\/pt\/wp-json\/wp\/v2\/posts\/152971\/revisions"}],"wp:featuredmedia":[{"embeddable":true,"href":"https:\/\/www.europesays.com\/pt\/wp-json\/wp\/v2\/media\/152972"}],"wp:attachment":[{"href":"https:\/\/www.europesays.com\/pt\/wp-json\/wp\/v2\/media?parent=152971"}],"wp:term":[{"taxonomy":"category","embeddable":true,"href":"https:\/\/www.europesays.com\/pt\/wp-json\/wp\/v2\/categories?post=152971"},{"taxonomy":"post_tag","embeddable":true,"href":"https:\/\/www.europesays.com\/pt\/wp-json\/wp\/v2\/tags?post=152971"}],"curies":[{"name":"wp","href":"https:\/\/api.w.org\/{rel}","templated":true}]}}