{"id":152979,"date":"2025-11-15T17:40:11","date_gmt":"2025-11-15T17:40:11","guid":{"rendered":"https:\/\/www.europesays.com\/pt\/152979\/"},"modified":"2025-11-15T17:40:11","modified_gmt":"2025-11-15T17:40:11","slug":"voce-na-ccxp-de-epic-pass-radio-mix-fm","status":"publish","type":"post","link":"https:\/\/www.europesays.com\/pt\/152979\/","title":{"rendered":"Voc\u00ea na CCXP de Epic Pass \u2013 R\u00e1dio Mix FM"},"content":{"rendered":"<p>A <strong>CCXP<\/strong>, o maior festival de cultura pop do mundo, est\u00e1 chegando!<\/p>\n<p>E a <strong>R\u00e1dio Mix<\/strong> tem um par de <strong>Epic Pass<\/strong> pra voc\u00ea viver momentos \u00e9picos com quem quiser. Mas pra isso a gente tem um desafio pra voc\u00ea.<\/p>\n<p>O audio abaixo tem trechos de 10 trilhas de filmes e s\u00e9ries. Ou\u00e7a, descubra quais s\u00e3o e preencha o formul\u00e1rio:<\/p>\n<p>O resultado sai no dia <strong>02 de dezembro<\/strong>.<\/p>\n<p>Voc\u00ea curtindo o maior festival de cultura pop do mundo, s\u00f3 podia ser <strong>Mix<\/strong>.<\/p>\n","protected":false},"excerpt":{"rendered":"A CCXP, o maior festival de cultura pop do mundo, est\u00e1 chegando! E a R\u00e1dio Mix tem um&hellip;\n","protected":false},"author":2,"featured_media":152980,"comment_status":"","ping_status":"","sticky":false,"template":"","format":"standard","meta":{"footnotes":""},"categories":[141],"tags":[28181,33038,5932,114,115,33039,148,20149,33040,149,150,33041,214,32,33,941],"class_list":{"0":"post-152979","1":"post","2":"type-post","3":"status-publish","4":"format-standard","5":"has-post-thumbnail","7":"category-musica","8":"tag-ccxp","9":"tag-comic-con","10":"tag-cultura-pop","11":"tag-entertainment","12":"tag-entretenimento","13":"tag-epic-pass","14":"tag-filmes","15":"tag-geek","16":"tag-mundo-nerd","17":"tag-music","18":"tag-musica","19":"tag-nerd","20":"tag-pop","21":"tag-portugal","22":"tag-pt","23":"tag-series"},"share_on_mastodon":{"url":"https:\/\/pubeurope.com\/@pt\/115554944678594733","error":""},"_links":{"self":[{"href":"https:\/\/www.europesays.com\/pt\/wp-json\/wp\/v2\/posts\/152979","targetHints":{"allow":["GET"]}}],"collection":[{"href":"https:\/\/www.europesays.com\/pt\/wp-json\/wp\/v2\/posts"}],"about":[{"href":"https:\/\/www.europesays.com\/pt\/wp-json\/wp\/v2\/types\/post"}],"author":[{"embeddable":true,"href":"https:\/\/www.europesays.com\/pt\/wp-json\/wp\/v2\/users\/2"}],"replies":[{"embeddable":true,"href":"https:\/\/www.europesays.com\/pt\/wp-json\/wp\/v2\/comments?post=152979"}],"version-history":[{"count":0,"href":"https:\/\/www.europesays.com\/pt\/wp-json\/wp\/v2\/posts\/152979\/revisions"}],"wp:featuredmedia":[{"embeddable":true,"href":"https:\/\/www.europesays.com\/pt\/wp-json\/wp\/v2\/media\/152980"}],"wp:attachment":[{"href":"https:\/\/www.europesays.com\/pt\/wp-json\/wp\/v2\/media?parent=152979"}],"wp:term":[{"taxonomy":"category","embeddable":true,"href":"https:\/\/www.europesays.com\/pt\/wp-json\/wp\/v2\/categories?post=152979"},{"taxonomy":"post_tag","embeddable":true,"href":"https:\/\/www.europesays.com\/pt\/wp-json\/wp\/v2\/tags?post=152979"}],"curies":[{"name":"wp","href":"https:\/\/api.w.org\/{rel}","templated":true}]}}