{"id":152981,"date":"2025-11-15T17:41:08","date_gmt":"2025-11-15T17:41:08","guid":{"rendered":"https:\/\/www.europesays.com\/pt\/152981\/"},"modified":"2025-11-15T17:41:08","modified_gmt":"2025-11-15T17:41:08","slug":"chegaram-as-primeiras-imagens-do-novo-filme-epico-de-christopher-nolan-nit","status":"publish","type":"post","link":"https:\/\/www.europesays.com\/pt\/152981\/","title":{"rendered":"Chegaram as primeiras imagens do novo filme \u00e9pico de Christopher Nolan \u2014 NiT"},"content":{"rendered":"<p>Quando os bilhetes foram colocados \u00e0 venda em julho, \u201cA Odisseia\u201d, o novo filme de Christopher Nolan, esgotou v\u00e1rias salas IMAX nos Estados Unidos. O mais impressionante? O filme s\u00f3 estreia a 16 de julho do pr\u00f3ximo ano e, at\u00e9 agora, ainda n\u00e3o foi revelado nenhum trailer.<\/p>\n<p>Esta sexta-feira, 14 de novembro, foram apresentadas as primeiras imagens da pr\u00f3xima <a href=\"https:\/\/www.imdb.com\/title\/tt33764258\/?ref_=nv_sr_srsg_0_tt_8_nm_0_in_0_q_odyssey\" target=\"_blank\" rel=\"nofollow noopener\">obra-prima<\/a> do <a href=\"https:\/\/www.imdb.com\/name\/nm0634240\/?ref_=nv_sr_srsg_0_tt_0_nm_8_in_0_q_nolan\" target=\"_blank\" rel=\"nofollow noopener\">realizador<\/a> de 55 anos \u2014 e vencedor de dois \u00d3scares gra\u00e7as a \u201cOppenheimer\u201d. Nas fotografias pode ver Matt Damon no papel de Ulisses, Tom Holland como Tel\u00e9maco (o seu filho) e Anne Hathaway como Pen\u00e9lope, a mulher do protagonista.<\/p>\n<p>As grava\u00e7\u00f5es arrancaram em fevereiro deste ano e passaram por pa\u00edses como Marrocos, Gr\u00e9cia, It\u00e1lia, Esc\u00f3cia e Isl\u00e2ndia. \u201cPassei os \u00faltimos quatro meses no mar. Lev\u00e1mos o elenco que interpreta a tripula\u00e7\u00e3o do navio de Odisseu para enfrentar ondas reais, em locais verdadeiros. Quer\u00edamos mostrar como essas viagens teriam sido dif\u00edceis para as pessoas e o salto de f\u00e9 que era necess\u00e1rio num mundo desconhecido e inexplorado\u201d, disse o cineasta \u00e0 revista \u201cEmpire\u201d.<\/p>\n<p>Este projeto ser\u00e1 uma a adapta\u00e7\u00e3o de um dos grandes \u00e9picos da literatura grega, a obra hom\u00f3nima de Homero, datada do s\u00e9culo VIII a.C. O livro conta as aventuras de Ulisses ap\u00f3s a queda e destrui\u00e7\u00e3o da cidade de Tr\u00f3ia.<\/p>\n<p>Para o projeto, o realizador reuniu alguns dos maiores nomes de Hollywood. Al\u00e9m de Holland, Damon e Hathaway, o elenco conta com Mia Goth, Zendaya, Robert Pattinson, Lupita Nyong\u2019o e Charlize Theron.<\/p>\n<p>De \u201cA Origem\u201d a \u201cInterstellar\u201d e \u201cOppeinheimer\u201d, Nolan soma sucessos de bilheteira e da cr\u00edtica. J\u00e1 foi distinguido com mais de 180 pr\u00e9mios, entre os quais dois Globos de Ouro para \u201cOppenheimer\u201d. Conquistou a estatueta dourada pela primeira vez que j\u00e1 havia sido nomeado em 2018, com \u201cDunkirk\u201d.<\/p>\n<p>Leia o <a href=\"https:\/\/www.nit.pt\/cultura\/cinema\/manias-proibicoes-e-imposicoes-bizarras-o-metodo-que-valeu-o-oscar-a-nolan\" rel=\"nofollow noopener\" target=\"_blank\">artigo<\/a> da NiT sobre como \u00e9 a experi\u00eancia de trabalhar com o realizador nos sets das grava\u00e7\u00f5es.<\/p>\n<p>Carregue na galeria para ver as imagens do novo filme.<\/p>\n","protected":false},"excerpt":{"rendered":"Quando os bilhetes foram colocados \u00e0 venda em julho, \u201cA Odisseia\u201d, o novo filme de Christopher Nolan, esgotou&hellip;\n","protected":false},"author":2,"featured_media":152982,"comment_status":"","ping_status":"","sticky":false,"template":"","format":"standard","meta":{"footnotes":""},"categories":[140],"tags":[114,115,147,148,146,32,33],"class_list":{"0":"post-152981","1":"post","2":"type-post","3":"status-publish","4":"format-standard","5":"has-post-thumbnail","7":"category-filmes","8":"tag-entertainment","9":"tag-entretenimento","10":"tag-film","11":"tag-filmes","12":"tag-movies","13":"tag-portugal","14":"tag-pt"},"share_on_mastodon":{"url":"https:\/\/pubeurope.com\/@pt\/115554948479983539","error":""},"_links":{"self":[{"href":"https:\/\/www.europesays.com\/pt\/wp-json\/wp\/v2\/posts\/152981","targetHints":{"allow":["GET"]}}],"collection":[{"href":"https:\/\/www.europesays.com\/pt\/wp-json\/wp\/v2\/posts"}],"about":[{"href":"https:\/\/www.europesays.com\/pt\/wp-json\/wp\/v2\/types\/post"}],"author":[{"embeddable":true,"href":"https:\/\/www.europesays.com\/pt\/wp-json\/wp\/v2\/users\/2"}],"replies":[{"embeddable":true,"href":"https:\/\/www.europesays.com\/pt\/wp-json\/wp\/v2\/comments?post=152981"}],"version-history":[{"count":0,"href":"https:\/\/www.europesays.com\/pt\/wp-json\/wp\/v2\/posts\/152981\/revisions"}],"wp:featuredmedia":[{"embeddable":true,"href":"https:\/\/www.europesays.com\/pt\/wp-json\/wp\/v2\/media\/152982"}],"wp:attachment":[{"href":"https:\/\/www.europesays.com\/pt\/wp-json\/wp\/v2\/media?parent=152981"}],"wp:term":[{"taxonomy":"category","embeddable":true,"href":"https:\/\/www.europesays.com\/pt\/wp-json\/wp\/v2\/categories?post=152981"},{"taxonomy":"post_tag","embeddable":true,"href":"https:\/\/www.europesays.com\/pt\/wp-json\/wp\/v2\/tags?post=152981"}],"curies":[{"name":"wp","href":"https:\/\/api.w.org\/{rel}","templated":true}]}}