{"id":152983,"date":"2025-11-15T17:42:08","date_gmt":"2025-11-15T17:42:08","guid":{"rendered":"https:\/\/www.europesays.com\/pt\/152983\/"},"modified":"2025-11-15T17:42:08","modified_gmt":"2025-11-15T17:42:08","slug":"federacao-portuguesa-de-futebol-vai-tentar-reduzir-a-suspensao-de-cristiano-ronaldo","status":"publish","type":"post","link":"https:\/\/www.europesays.com\/pt\/152983\/","title":{"rendered":"Federa\u00e7\u00e3o Portuguesa de Futebol vai tentar reduzir a suspens\u00e3o de Cristiano Ronaldo"},"content":{"rendered":"<p>                A exposi\u00e7\u00e3o, que est\u00e1 a ser preparada com o envolvimento direto do presidente da Federa\u00e7\u00e3o Portuguesa de Futebol,  Pedro Proen\u00e7a, tem como objetivo que o jogador n\u00e3o esteja suspenso no in\u00edcio do Mundial2026 e assenta em tr\u00eas pontos: <br \/>\n<b><br \/>&#13;<br \/>\n. o clima pr\u00e9-jogo criado pelo selecionador da Rep\u00fablica da Irlanda;<\/b><\/p>\n<p>. a jogada em si;<\/p>\n<p>. a aus\u00eancia de antecedentes de Ronaldo, que nunca tinha sido expulso na sele\u00e7\u00e3o;<\/p>\n<p>No entender do organismo federativo, que j\u00e1 foi notificado pela FIFA da instaura\u00e7\u00e3o do processo disciplinar ao avan\u00e7ado, as declara\u00e7\u00f5es do selecionador Heimir Hallgr\u00edmsson, que acusou Ronaldo de ter controlado a arbitragem no jogo entre as duas sele\u00e7\u00f5es, em Alvalade (vit\u00f3ria de Portugal por 1-0), &#8220;provocou um ambiente claramente e comprovadamente hostil em torno do capit\u00e3o da sele\u00e7\u00e3o nacional&#8221;.<\/p>\n<p>A FPF considera tamb\u00e9m que, no lance da expuls\u00e3o, Cristiano Ronaldo &#8220;foi, como em muitas outras ocasi\u00f5es durante o jogo, ostensivamente agarrado dentro da \u00e1rea&#8221; e teve &#8220;uma rea\u00e7\u00e3o de frustra\u00e7\u00e3o&#8221; por parte do internacional portugu\u00eas, que deu uma cotovelada no defesa irland\u00eas Dara O&#8217;Shea.<\/p>\n<p>O organismo alude ainda \u00e0 aus\u00eancia de antecedentes do jogador, lembrando que a expuls\u00e3o, aos 61 minutos do jogo disputado em Dublin, foi a primeira de Cristiano Ronaldo &#8220;em mais de 200 jogos pela sele\u00e7\u00e3o, o que \u00e9 absolutamente not\u00e1vel e prova o comportamento sempre exemplar do jogador&#8221;.<\/p>\n<p>De acordo com a mesma fonte, &#8220;a FPF est\u00e1 convicta de que estes argumentos s\u00e3o atenuantes mais do que suficientes para convencer a FIFA de que Cristiano Ronaldo n\u00e3o merece ser castigado com mais do que uma partida de suspens\u00e3o&#8221;.<\/p>\n<p>Cristiano Ronaldo foi dispensado na sexta-feira dos trabalhos da sele\u00e7\u00e3o nacional, que no domingo defronta a Arm\u00e9nia, no Porto, na sexta e \u00faltima jornada do Grupo F, de apuramento para o Mundial2026.<\/p>\n<p>Caso o jogador do Al Nassr seja punido com mais do que um jogo de suspens\u00e3o poder\u00e1, se Portugal garantir a qualifica\u00e7\u00e3o direta, falhar encontros da fase final do Mundial2026, que se disputa entre 11 de junho e 19 de julho, nos Estados Unidos, Canad\u00e1 e M\u00e9xico.<\/p>\n<p>Na quinta-feira, em Dublin, Cristiano Ronaldo foi expulso, pela primeira vez ao servi\u00e7o da sele\u00e7\u00e3o portuguesa de futebol, ao fim de 226 jogos, depois de o \u00e1rbitro sueco Glenn Nyberg lhe ter mostrado um cart\u00e3o vermelho direto, na sequ\u00eancia de uma agress\u00e3o em O&#8217;Shea.<\/p>\n<p>Num jogo em que poderia ter garantido o nono apuramento e s\u00e9timo consecutivo para fases finais de Mundiais, Portugal foi derrotado pela Rep\u00fablica da Irlanda por 2-0, com um &#8216;bis&#8217; de Troy Parrott.<\/p>\n","protected":false},"excerpt":{"rendered":"A exposi\u00e7\u00e3o, que est\u00e1 a ser preparada com o envolvimento direto do presidente da Federa\u00e7\u00e3o Portuguesa de Futebol,&hellip;\n","protected":false},"author":2,"featured_media":152984,"comment_status":"","ping_status":"","sticky":false,"template":"","format":"standard","meta":{"footnotes":""},"categories":[87],"tags":[135,13,32,33,420,421,134],"class_list":{"0":"post-152983","1":"post","2":"type-post","3":"status-publish","4":"format-standard","5":"has-post-thumbnail","7":"category-desporto","8":"tag-desporto","9":"tag-noticias","10":"tag-portugal","11":"tag-pt","12":"tag-rtp","13":"tag-rtp-noticias","14":"tag-sports"},"share_on_mastodon":{"url":"https:\/\/pubeurope.com\/@pt\/115554952359802334","error":""},"_links":{"self":[{"href":"https:\/\/www.europesays.com\/pt\/wp-json\/wp\/v2\/posts\/152983","targetHints":{"allow":["GET"]}}],"collection":[{"href":"https:\/\/www.europesays.com\/pt\/wp-json\/wp\/v2\/posts"}],"about":[{"href":"https:\/\/www.europesays.com\/pt\/wp-json\/wp\/v2\/types\/post"}],"author":[{"embeddable":true,"href":"https:\/\/www.europesays.com\/pt\/wp-json\/wp\/v2\/users\/2"}],"replies":[{"embeddable":true,"href":"https:\/\/www.europesays.com\/pt\/wp-json\/wp\/v2\/comments?post=152983"}],"version-history":[{"count":0,"href":"https:\/\/www.europesays.com\/pt\/wp-json\/wp\/v2\/posts\/152983\/revisions"}],"wp:featuredmedia":[{"embeddable":true,"href":"https:\/\/www.europesays.com\/pt\/wp-json\/wp\/v2\/media\/152984"}],"wp:attachment":[{"href":"https:\/\/www.europesays.com\/pt\/wp-json\/wp\/v2\/media?parent=152983"}],"wp:term":[{"taxonomy":"category","embeddable":true,"href":"https:\/\/www.europesays.com\/pt\/wp-json\/wp\/v2\/categories?post=152983"},{"taxonomy":"post_tag","embeddable":true,"href":"https:\/\/www.europesays.com\/pt\/wp-json\/wp\/v2\/tags?post=152983"}],"curies":[{"name":"wp","href":"https:\/\/api.w.org\/{rel}","templated":true}]}}