{"id":152992,"date":"2025-11-15T17:54:40","date_gmt":"2025-11-15T17:54:40","guid":{"rendered":"https:\/\/www.europesays.com\/pt\/152992\/"},"modified":"2025-11-15T17:54:40","modified_gmt":"2025-11-15T17:54:40","slug":"ariana-grande-e-atacada-por-fa-e-cynthia-erivo-defende-a-atriz","status":"publish","type":"post","link":"https:\/\/www.europesays.com\/pt\/152992\/","title":{"rendered":"Ariana Grande \u00e9 atacada por f\u00e3, e Cynthia Erivo defende a atriz"},"content":{"rendered":"<p>O elenco de <strong><a href=\"https:\/\/www.correiodopovo.com.br\/topicos\/Tag\/Wicked\" target=\"_blank\" rel=\"nofollow noopener\">\u201cWicked: Parte II\u201d<\/a><\/strong> esteve em Singapura nessa quinta-feira, 13, para a turn\u00ea mundial de divulga\u00e7\u00e3o do filme. Durante a passagem pelo pa\u00eds, <strong><a href=\"https:\/\/www.correiodopovo.com.br\/topicos\/Tag\/Ariana%20Grande\" target=\"_blank\" rel=\"nofollow noopener\">Ariana Grande<\/a><\/strong>, que interpreta Glinda, foi atacada por um f\u00e3 e o momento foi registrado em v\u00eddeo.<\/p>\n<p>Enquanto o elenco deixava o local, ainda no tapete amarelo, um jovem pulou a barreira de prote\u00e7\u00e3o e correu em dire\u00e7\u00e3o a Ariana, abra\u00e7ando-a pelo pesco\u00e7o. A atriz e todos ao redor se assustaram com a situa\u00e7\u00e3o, e <strong><a href=\"https:\/\/www.correiodopovo.com.br\/topicos\/Tag\/Cynthia%20Erivo\" target=\"_blank\" rel=\"nofollow noopener\">Cynthia Erivo<\/a><\/strong>, int\u00e9rprete de Elphaba, reagiu rapidamente para afast\u00e1-lo.<\/p>\n<p>Os seguran\u00e7as do evento contiveram o homem, que foi detido em seguida. Ele foi identificado como Johnson Wen, de 25 anos, um influenciador conhecido nas redes sociais por invadir locais e causar tumultos.<\/p>\n<p>Pouco depois, Wen foi liberado e publicou nos Stories do Instagram: &#8220;Estou livre ap\u00f3s ter sido preso&#8221;. Ele tamb\u00e9m compartilhou o v\u00eddeo do momento em que agarrou Ariana e escreveu: &#8220;Querida Ariana Grande, obrigado por me deixar pular com voc\u00ea no tapete amarelo&#8221;.<\/p>\n<blockquote align=\"center\" class=\"twitter-tweet\" data-dnt=\"true\">\n<p dir=\"ltr\" lang=\"pt\">MEU DEUS! Um f\u00e3 pulou a barricada e atacou a Ariana Grande durante a premi\u00e8re em Singapura.<\/p>\n<p>Cynthia Erivo e os seguran\u00e7as conseguiram afast\u00e1-la dele. <a href=\"https:\/\/t.co\/IlVprUaC1l\" rel=\"nofollow\">pic.twitter.com\/IlVprUaC1l<\/a><\/p>\n<p> \u2014 WICKED BRASIL (@wickedmusicalbr) <a href=\"https:\/\/twitter.com\/wickedmusicalbr\/status\/1988934918626505172?ref_src=twsrc%5Etfw\" rel=\"nofollow noopener\" target=\"_blank\">November 13, 2025<\/a>\n <\/p><\/blockquote>\n<p><strong>A trama de \u201cWicked: Parte II\u201d<\/strong> <\/p>\n<p>No cap\u00edtulo final da hist\u00f3ria de \u201cWicked\u201d, vamos acompanhar Elphaba e Glinda separadas, vivendo com as consequ\u00eancias de suas escolhas feitas na primeira parte da hist\u00f3ria.<\/p>\n<p>Exilada, Elphaba continuar\u00e1 sua luta pela liberdade dos Animais, enquanto Glinda se torna o s\u00edmbolo da Bondade em todo o reino de Oz, desfrutando de fama e popularidade enquanto se prepara para o casamento com Fiyero. O encadeamento de eventos leva diretamente ao que acontece em \u201cO Mundo M\u00e1gico de Oz\u201d, com a chegada de Dorothy e Tot\u00f3.<\/p>\n<p>O longa conclui a adapta\u00e7\u00e3o para os cinemas do premiado musical hom\u00f4nimo da Broadway, com m\u00fasica e letras do lend\u00e1rio compositor e letrista vencedor do Grammy e do Oscar, Stephen Schwartz, e libreto de Winnie Holzman. Sucesso tamb\u00e9m nos palcos brasileiros com Myra Ruiz e Fabi Bang, a hist\u00f3ria \u00e9 uma adapta\u00e7\u00e3o livre da obra de Gregory Maguire.<\/p>\n<p>Al\u00e9m de Ariana Grande e Cynthia Erivo, \u201cWicked: Parte II\u201d tem no elenco Jeff Goldblum, Michelle Yeoh, Ethan Slater e Marissa Bode O longa estreia nos cinemas oficialmente em 20 de novembro.<\/p>\n<p>Veja Tamb\u00e9m<\/p>\n<p>    <script async src=\"https:\/\/platform.twitter.com\/widgets.js\" charset=\"utf-8\"><\/script><\/p>\n","protected":false},"excerpt":{"rendered":"O elenco de \u201cWicked: Parte II\u201d esteve em Singapura nessa quinta-feira, 13, para a turn\u00ea mundial de divulga\u00e7\u00e3o&hellip;\n","protected":false},"author":2,"featured_media":152993,"comment_status":"","ping_status":"","sticky":false,"template":"","format":"standard","meta":{"footnotes":""},"categories":[141],"tags":[1940,3428,79,21898,114,115,8359,149,150,32,33,5069],"class_list":{"0":"post-152992","1":"post","2":"type-post","3":"status-publish","4":"format-standard","5":"has-post-thumbnail","7":"category-musica","8":"tag-ariana-grande","9":"tag-arte-agenda","10":"tag-ataque","11":"tag-cynthia-erivo","12":"tag-entertainment","13":"tag-entretenimento","14":"tag-fa","15":"tag-music","16":"tag-musica","17":"tag-portugal","18":"tag-pt","19":"tag-wicked"},"share_on_mastodon":{"url":"https:\/\/pubeurope.com\/@pt\/115554999854904378","error":""},"_links":{"self":[{"href":"https:\/\/www.europesays.com\/pt\/wp-json\/wp\/v2\/posts\/152992","targetHints":{"allow":["GET"]}}],"collection":[{"href":"https:\/\/www.europesays.com\/pt\/wp-json\/wp\/v2\/posts"}],"about":[{"href":"https:\/\/www.europesays.com\/pt\/wp-json\/wp\/v2\/types\/post"}],"author":[{"embeddable":true,"href":"https:\/\/www.europesays.com\/pt\/wp-json\/wp\/v2\/users\/2"}],"replies":[{"embeddable":true,"href":"https:\/\/www.europesays.com\/pt\/wp-json\/wp\/v2\/comments?post=152992"}],"version-history":[{"count":0,"href":"https:\/\/www.europesays.com\/pt\/wp-json\/wp\/v2\/posts\/152992\/revisions"}],"wp:featuredmedia":[{"embeddable":true,"href":"https:\/\/www.europesays.com\/pt\/wp-json\/wp\/v2\/media\/152993"}],"wp:attachment":[{"href":"https:\/\/www.europesays.com\/pt\/wp-json\/wp\/v2\/media?parent=152992"}],"wp:term":[{"taxonomy":"category","embeddable":true,"href":"https:\/\/www.europesays.com\/pt\/wp-json\/wp\/v2\/categories?post=152992"},{"taxonomy":"post_tag","embeddable":true,"href":"https:\/\/www.europesays.com\/pt\/wp-json\/wp\/v2\/tags?post=152992"}],"curies":[{"name":"wp","href":"https:\/\/api.w.org\/{rel}","templated":true}]}}