{"id":152994,"date":"2025-11-15T17:55:28","date_gmt":"2025-11-15T17:55:28","guid":{"rendered":"https:\/\/www.europesays.com\/pt\/152994\/"},"modified":"2025-11-15T17:55:28","modified_gmt":"2025-11-15T17:55:28","slug":"quaritch-e-jake-aparecem-em-novas-imagens-de-avatar-fogo-e-cinzas-confira","status":"publish","type":"post","link":"https:\/\/www.europesays.com\/pt\/152994\/","title":{"rendered":"Quaritch e Jake aparecem em novas imagens de \u2018Avatar &#8211; Fogo e Cinzas\u2019; confira"},"content":{"rendered":"<p>Nessa ter\u00e7a-feira (14), a revista Empire divulgou imagens in\u00e9ditas de \u201c<a href=\"https:\/\/www.ingresso.com\/filme\/avatar-fogo-e-cinzas\" target=\"_blank\" rel=\"noopener nofollow\">Avatar: Fogo e Cinzas<\/a>\u201d, terceiro cap\u00edtulo da saga comandada por James Cameron. Confira abaixo:<\/p>\n<p><img loading=\"lazy\" decoding=\"async\" src=\"https:\/\/www.europesays.com\/pt\/wp-content\/uploads\/2025\/11\/a2443f7c-50a8-4f18-8b1b-f9448f843b00.jpg\" alt=\"\" width=\"550\" height=\"300\"\/><\/p>\n<p><img loading=\"lazy\" decoding=\"async\" src=\"https:\/\/www.europesays.com\/pt\/wp-content\/uploads\/2025\/11\/55e8c672-7d84-418d-9ef6-dd929769c57a.jpg\" alt=\"\" width=\"550\" height=\"300\"\/><\/p>\n<p>A primeira foto apresenta Jake \u2013 protagonista da franquia, interpretado por Sam Worthington \u2013 com a m\u00e3o estendida e um olhar que transmite desespero. J\u00e1 a segunda imagem mostra Stephen Lang na pele de Miles Quaritch \u2013 o implac\u00e1vel coronel da Administra\u00e7\u00e3o de Desenvolvimento de Recursos (RDA), que agora est\u00e1 no corpo de um Na\u2019vi.<\/p>\n<p><strong>[CUIDADO! O TEXTO A SEGUIR CONT\u00c9M SPOILERS DE \u201cAVATAR: O CAMINHO DA \u00c1GUA\u201d]<\/strong><\/p>\n<p>Durante a franquia, o antagonista passou por uma trajet\u00f3ria fascinante. De vil\u00e3o militar odiado no filme original, ele foi morto e ressuscitou como um Na\u2019vi \u201crecom\u201d: um avatar com a consci\u00eancia e personalidade de Quaritch, mas com mem\u00f3rias diferentes. Agora, no terceiro filme, o coronel se v\u00ea lutando para descobrir quem realmente \u00e9, al\u00e9m de tentar se conectar com seu filho humano, Spider (Jack Champion).<\/p>\n<p>Em entrevista \u00e0 Empire, James Cameron, criador da franquia e diretor dos tr\u00eas filmes, revelou que o personagem enfrenta mais conflitos pessoais desta vez:<\/p>\n<p>\u201cQuaritch est\u00e1 passando por uma crise de identidade. Seu interesse pelo filho biol\u00f3gico de sua forma humana tem tudo a ver com tentar definir: \u2018Sou uma pessoa completamente nova? Estou preso \u00e0s regras e aos comportamentos da pessoa cujas mem\u00f3rias e personalidade foram impressas em mim?\u2019 \u00c9 um verdadeiro dilema existencial para ele, no sentido filos\u00f3fico\u201d.<\/p>\n<p>Quando questionando sobre a possibilidade de o personagem trocar de lado, o cineasta manteve o mist\u00e9rio:<\/p>\n<p>\u201cEm que ponto ele cruza a linha e percebe que \u00e9 mais Na\u2019vi do que humano? Eu n\u00e3o quero dizer o que vai acontecer, mas vamos ver, porque Jake prefere ter esse cara do lado dele\u201d.<\/p>\n<p>Ainda assim, o diretor sugeriu que uma poss\u00edvel alian\u00e7a entre os dois pode acontecer:<\/p>\n<p>\u201c\u00c9 muito desinteressante ter dois caras tentando se matar por tr\u00eas filmes, ent\u00e3o fica muito mais complicado. A alma de Quaritch est\u00e1 em jogo no terceiro filme\u201d.<\/p>\n<p><a href=\"https:\/\/whatsapp.com\/channel\/0029Va58whvFCCoURznPIG0n\" target=\"_blank\" rel=\"noopener nofollow\">Fa\u00e7a parte do canal do Whatsapp da Ingresso.com e fique por dentro de promo\u00e7\u00f5es e das \u00faltimas not\u00edcias sobre o universo do cinema e da cultura pop!<\/a><\/p>\n<p>Em \u201cAvatar: Fogo e Cinzas\u201d, Jake (Worthington), Neytiri (Z\u00f6e Salda\u00f1a) e sua fam\u00edlia enfrentam o luto pelo falecimento de Neteyam, primog\u00eanito do casal, morto no filme anterior. As pr\u00e9vias ainda revelam membros da misteriosa Tribo das Cinzas, incluindo a sua l\u00edder Varang, vivida pela atriz Oona Chaplin. Conforme o conflito no planeta aumenta, uma nova tens\u00e3o moral come\u00e7a a surgir.<\/p>\n<p>Al\u00e9m de Worthington, Lang, Salda\u00f1a, e Chaplin, o elenco do longa ainda conta com a presen\u00e7a de diversos talentos conhecidos, como Kate Wislet, Sigourney Weaver, Jemaine Clement e da vencedora do Oscar de Melhor Atriz, Michelle Yeoh.<\/p>\n<p>Com duas sequ\u00eancias planejadas at\u00e9 2031, \u201c<a href=\"https:\/\/www.ingresso.com\/filme\/avatar-fogo-e-cinzas\" target=\"_blank\" rel=\"noopener nofollow\">Avatar: Fogo e Cinzas<\/a>\u201d tem estreia no Brasil prevista para 18 de dezembro de 2025, exclusivamente nos cinemas.<\/p>\n<p><a href=\"https:\/\/assine.uol.com.br\/lp\/clube-uol?utm_source=ingresso.com&amp;utm_medium=banner-noticias&amp;utm_campaign=banner-noticias-ingresso.com&amp;utm_content=banner-noticias-ingresso.com\" target=\"_blank\" rel=\"noopener nofollow\"><img loading=\"lazy\" decoding=\"async\" src=\"https:\/\/www.europesays.com\/pt\/wp-content\/uploads\/2025\/11\/8b732b87-7247-4840-953c-02986e63a0f4.png\" alt=\"\" width=\"550\" height=\"289\"\/><\/a><\/p>\n","protected":false},"excerpt":{"rendered":"Nessa ter\u00e7a-feira (14), a revista Empire divulgou imagens in\u00e9ditas de \u201cAvatar: Fogo e Cinzas\u201d, terceiro cap\u00edtulo da saga&hellip;\n","protected":false},"author":2,"featured_media":152995,"comment_status":"","ping_status":"","sticky":false,"template":"","format":"standard","meta":{"footnotes":""},"categories":[140],"tags":[114,115,147,148,146,32,33],"class_list":{"0":"post-152994","1":"post","2":"type-post","3":"status-publish","4":"format-standard","5":"has-post-thumbnail","7":"category-filmes","8":"tag-entertainment","9":"tag-entretenimento","10":"tag-film","11":"tag-filmes","12":"tag-movies","13":"tag-portugal","14":"tag-pt"},"share_on_mastodon":{"url":"https:\/\/pubeurope.com\/@pt\/115555003784415290","error":""},"_links":{"self":[{"href":"https:\/\/www.europesays.com\/pt\/wp-json\/wp\/v2\/posts\/152994","targetHints":{"allow":["GET"]}}],"collection":[{"href":"https:\/\/www.europesays.com\/pt\/wp-json\/wp\/v2\/posts"}],"about":[{"href":"https:\/\/www.europesays.com\/pt\/wp-json\/wp\/v2\/types\/post"}],"author":[{"embeddable":true,"href":"https:\/\/www.europesays.com\/pt\/wp-json\/wp\/v2\/users\/2"}],"replies":[{"embeddable":true,"href":"https:\/\/www.europesays.com\/pt\/wp-json\/wp\/v2\/comments?post=152994"}],"version-history":[{"count":0,"href":"https:\/\/www.europesays.com\/pt\/wp-json\/wp\/v2\/posts\/152994\/revisions"}],"wp:featuredmedia":[{"embeddable":true,"href":"https:\/\/www.europesays.com\/pt\/wp-json\/wp\/v2\/media\/152995"}],"wp:attachment":[{"href":"https:\/\/www.europesays.com\/pt\/wp-json\/wp\/v2\/media?parent=152994"}],"wp:term":[{"taxonomy":"category","embeddable":true,"href":"https:\/\/www.europesays.com\/pt\/wp-json\/wp\/v2\/categories?post=152994"},{"taxonomy":"post_tag","embeddable":true,"href":"https:\/\/www.europesays.com\/pt\/wp-json\/wp\/v2\/tags?post=152994"}],"curies":[{"name":"wp","href":"https:\/\/api.w.org\/{rel}","templated":true}]}}