{"id":153005,"date":"2025-11-15T18:16:11","date_gmt":"2025-11-15T18:16:11","guid":{"rendered":"https:\/\/www.europesays.com\/pt\/153005\/"},"modified":"2025-11-15T18:16:11","modified_gmt":"2025-11-15T18:16:11","slug":"zumbilandia-3-deve-ser-lancado-em-2029-revela-diretor","status":"publish","type":"post","link":"https:\/\/www.europesays.com\/pt\/153005\/","title":{"rendered":"&#8216;Zumbil\u00e2ndia 3&#8217; deve ser lan\u00e7ado em 2029, revela diretor"},"content":{"rendered":"<p>Em entrevista ao <a href=\"https:\/\/deadline.com\/2025\/11\/zombieland-3-ruben-fleischer-mission-impossible-interview-1236616920\/\" rel=\"nofollow noopener\" target=\"_blank\">Deadline<\/a>, o diretor <strong>Ruben Fleischer<\/strong> (\u2018Truque de Mestre: O 3\u00b0 Ato\u2019) voltou a comentar sobre um poss\u00edvel terceiro filme da franquia \u2018<strong><a href=\"https:\/\/cinepop.com.br\/tag\/zumbilandia\/\" title=\"Zumbil\u00e2ndia\" rel=\"nofollow noopener\" target=\"_blank\">Zumbil\u00e2ndia<\/a><\/strong>\u2018.<\/p>\n<p>O cineasta revelou que a expectativa \u00e9 que o terceiro cap\u00edtulo seja lan\u00e7ado apenas em 2029, mantendo a tradi\u00e7\u00e3o de esperar uma d\u00e9cada entre o lan\u00e7amento dos filmes da saga.<\/p>\n<p>\u201cEspero que possamos fazer \u2018<a href=\"https:\/\/cinepop.com.br\/tag\/zumbilandia\/\" title=\"Zumbil\u00e2ndia\" rel=\"nofollow noopener\" target=\"_blank\">Zumbil\u00e2ndia<\/a> 3\u2019 em 2029. N\u00f3s j\u00e1 come\u00e7amos a discutir sobre isso, pois fizemos o primeiro filme em 2019, ent\u00e3o a sequ\u00eancia foi lan\u00e7ada em 2019. N\u00f3s meio que nos despedimos dizendo: \u2018Nos vemos daqui a 10 anos\u2019.\u201d<\/p>\n<p>Ele completa, \u201cMais uma d\u00e9cada j\u00e1 est\u00e1 passando, e n\u00f3s estamos come\u00e7ando a nos concentrar [no terceiro filme]. Espero que aconte\u00e7a. Tamb\u00e9m tenho outros projetos que estou ansioso, mas vamos ver qual deles sair\u00e1 do papel primeiro.\u201d<\/p>\n<p>Sucesso nos cinemas, o primeiro filme arrecadou <strong>US$ 102.3 milh\u00f5es<\/strong> nas bilheterias mundiais. A sequ\u00eancia, lan\u00e7ada dez anos depois, superou o desempenho do longa original, somando <strong>US$ 122.8 milh\u00f5es<\/strong> mundialmente.<\/p>\n<p>\u201cDois rapazes solit\u00e1rios no meio do apocalipse zumbi decidem se ajudar a chegar aos seus destinos, mas acabam cruzando o caminho de duas garotas muito mais espertas do que eles\u201d.<\/p>\n<p>O elenco do filme inclui <strong><a href=\"https:\/\/cinepop.com.br\/tag\/woody-harrelson\/\" title=\"Woody Harrelson\" rel=\"nofollow noopener\" target=\"_blank\">Woody Harrelson<\/a><\/strong>, <strong><a href=\"https:\/\/cinepop.com.br\/tag\/jesse-eisenberg\/\" title=\"Jesse Eisenberg\" rel=\"nofollow noopener\" target=\"_blank\">Jesse Eisenberg<\/a><\/strong>, <strong><a href=\"https:\/\/cinepop.com.br\/tag\/abigail-breslin\/\" title=\"Abigail Breslin\" rel=\"nofollow noopener\" target=\"_blank\">Abigail Breslin<\/a><\/strong>, <strong><a href=\"https:\/\/cinepop.com.br\/tag\/emma-stone\/\" title=\"Emma Stone\" rel=\"nofollow noopener\" target=\"_blank\">Emma Stone<\/a><\/strong>, <strong><a href=\"https:\/\/cinepop.com.br\/tag\/bill-murray\/\" title=\"Bill Murray\" rel=\"nofollow noopener\" target=\"_blank\">Bill Murray<\/a><\/strong>,<strong> <a href=\"https:\/\/cinepop.com.br\/tag\/luke-wilson\/\" title=\"Luke Wilson\" rel=\"nofollow noopener\" target=\"_blank\">Luke Wilson<\/a><\/strong> e <strong><a href=\"https:\/\/cinepop.com.br\/tag\/thomas-middleditch\/\" title=\"Thomas Middleditch\" rel=\"nofollow noopener\" target=\"_blank\">Thomas Middleditch<\/a><\/strong>.<\/p>\n<p><img fetchpriority=\"high\" decoding=\"async\" class=\"alignnone wp-image-356553 size-large\" src=\"https:\/\/www.europesays.com\/pt\/wp-content\/uploads\/2025\/11\/zumbilandia-1-1024x681.jpg\" alt=\"\" width=\"696\" height=\"463\"  \/><\/p>\n","protected":false},"excerpt":{"rendered":"Em entrevista ao Deadline, o diretor Ruben Fleischer (\u2018Truque de Mestre: O 3\u00b0 Ato\u2019) voltou a comentar sobre&hellip;\n","protected":false},"author":2,"featured_media":153006,"comment_status":"","ping_status":"","sticky":false,"template":"","format":"standard","meta":{"footnotes":""},"categories":[140],"tags":[15627,33042,6714,9401,114,115,147,148,20418,33043,1627,146,32,33,33044,20427,20428],"class_list":{"0":"post-153005","1":"post","2":"type-post","3":"status-publish","4":"format-standard","5":"has-post-thumbnail","7":"category-filmes","8":"tag-a-rede-social","9":"tag-abigail-breslin","10":"tag-bill-murray","11":"tag-emma-stone","12":"tag-entertainment","13":"tag-entretenimento","14":"tag-film","15":"tag-filmes","16":"tag-jesse-eisenberg","17":"tag-luke-wilson","18":"tag-max","19":"tag-movies","20":"tag-portugal","21":"tag-pt","22":"tag-thomas-middleditch","23":"tag-woody-harrelson","24":"tag-zumbilandia"},"share_on_mastodon":{"url":"https:\/\/pubeurope.com\/@pt\/115555086438229559","error":""},"_links":{"self":[{"href":"https:\/\/www.europesays.com\/pt\/wp-json\/wp\/v2\/posts\/153005","targetHints":{"allow":["GET"]}}],"collection":[{"href":"https:\/\/www.europesays.com\/pt\/wp-json\/wp\/v2\/posts"}],"about":[{"href":"https:\/\/www.europesays.com\/pt\/wp-json\/wp\/v2\/types\/post"}],"author":[{"embeddable":true,"href":"https:\/\/www.europesays.com\/pt\/wp-json\/wp\/v2\/users\/2"}],"replies":[{"embeddable":true,"href":"https:\/\/www.europesays.com\/pt\/wp-json\/wp\/v2\/comments?post=153005"}],"version-history":[{"count":0,"href":"https:\/\/www.europesays.com\/pt\/wp-json\/wp\/v2\/posts\/153005\/revisions"}],"wp:featuredmedia":[{"embeddable":true,"href":"https:\/\/www.europesays.com\/pt\/wp-json\/wp\/v2\/media\/153006"}],"wp:attachment":[{"href":"https:\/\/www.europesays.com\/pt\/wp-json\/wp\/v2\/media?parent=153005"}],"wp:term":[{"taxonomy":"category","embeddable":true,"href":"https:\/\/www.europesays.com\/pt\/wp-json\/wp\/v2\/categories?post=153005"},{"taxonomy":"post_tag","embeddable":true,"href":"https:\/\/www.europesays.com\/pt\/wp-json\/wp\/v2\/tags?post=153005"}],"curies":[{"name":"wp","href":"https:\/\/api.w.org\/{rel}","templated":true}]}}