{"id":153018,"date":"2025-11-15T18:30:42","date_gmt":"2025-11-15T18:30:42","guid":{"rendered":"https:\/\/www.europesays.com\/pt\/153018\/"},"modified":"2025-11-15T18:30:42","modified_gmt":"2025-11-15T18:30:42","slug":"documentario-sobre-o-povo-mehinako-sera-lancado-na-ufmt-nesta-sexta-reportermt","status":"publish","type":"post","link":"https:\/\/www.europesays.com\/pt\/153018\/","title":{"rendered":"Document\u00e1rio sobre o povo Mehinako ser\u00e1 lan\u00e7ado na UFMT nesta sexta | Rep\u00f3rterMT"},"content":{"rendered":"<p class=\"img-credit\">Rep\u00f3rterMT<\/p>\n<p><a href=\"https:\/\/cdn.reportermt.com\/storage\/webdisco\/2025\/11\/14\/800x600\/ff75f008de8bd3adb2073ca3986dc633-reportermt-com.jpg\" title=\"O ator e diretor Cassyo Anders e a atriz e produtora executiva Hai Mehinako compartilharam a experi\u00eancia de gravar o document\u00e1rio\" data-toggle=\"lightbox\" rel=\"nofollow noopener\" target=\"_blank\"><img loading=\"lazy\" decoding=\"async\" src=\"https:\/\/www.europesays.com\/pt\/wp-content\/uploads\/2025\/11\/ff75f008de8bd3adb2073ca3986dc633-reportermt-com.jpg\" class=\"img-responsive\" width=\"495\" height=\"371\" alt=\"O ator e diretor Cassyo Anders e a atriz e produtora executiva Hai Mehinako compartilharam a experi\u00eancia de gravar o document\u00e1rio\"\/><\/a><\/p>\n<p class=\"img-subtitle\">O ator e diretor Cassyo Anders e a atriz e produtora executiva Hai Mehinako compartilharam a experi\u00eancia de gravar o document\u00e1rio<\/p>\n<p class=\"img-credit\">Rep\u00f3rterMT<\/p>\n<p class=\"img-subtitle\">O ator e diretor Cassyo Anders e a atriz e produtora executiva Hai Mehinako compartilharam a experi\u00eancia de gravar o document\u00e1rio<\/p>\n<p>        ANA CRISTINA VIEIRA<br \/>\n                <br \/>DO REP\u00d3RTERMT<br \/>\n                <\/p>\n<p style=\"text-align: justify;\">A resist\u00eancia do povo Mehinako,\u00a0da aldeia Utawana (Territ\u00f3rio Xinguano), e sua rela\u00e7\u00e3o com o lugar em que habitam conduzem o document\u00e1rio &#8220;Casa Xingu&#8221;, que ser\u00e1 lan\u00e7ado hoje (14), \u00e0s 19h, no Museu Rondon de Etnologia e Arqueologia (Musear), da Universidade Federal de Mato Grosso (UFMT), em Cuiab\u00e1. A entrada \u00e9 gratuita.<\/p>\n<p style=\"text-align: justify;\">Em entrevista ao site <img decoding=\"async\" class=\"content-logo-thumb\" src=\"https:\/\/www.europesays.com\/pt\/wp-content\/uploads\/2025\/11\/f959cb20ff399f26329bdc34dad51f92.png\"\/>, o ator e diretor <strong>Cassyo Anders<\/strong> e a atriz e produtora executiva <strong>Hai Mehinako<\/strong> compartilharam a experi\u00eancia de gravar o document\u00e1rio, cuja\u00a0pr\u00e9-estreia ocorreu na pr\u00f3pria comunidade retratada no filme, na quarta (12).\u00a0Cassyo e Hai destacaram que a receptividade dos ind\u00edgenas foi de pertencimento diante da produ\u00e7\u00e3o, que valoriza especialmente as pessoas, que transformam as casas em lugares t\u00e3o especiais.\u00a0<\/p>\n<p>\u00a0O document\u00e1rio foi\u00a0contemplado pela Secretaria de Estado de Cultura, Esporte e Lazer (Secel-MT) no edital Document\u00e1rio Tem\u00e1tico, edi\u00e7\u00e3o Lei Paulo Gustavo.<\/p>\n<p style=\"text-align: justify;\"><strong>Veja v\u00eddeo<\/strong><\/p>\n<p>\u00a0<\/p>\n<p><strong><a style=\"background-color: #ffffff; color: #3366ff;\" href=\"https:\/\/chat.whatsapp.com\/CHOuQfIKsWvHd50uSVu9nR\" target=\"_blank\" rel=\"noopener noreferrer nofollow\">&gt;&gt;&gt; Clique aqui e receba not\u00edcias de MT na palma da sua m\u00e3o<\/a><\/strong><\/p>\n","protected":false},"excerpt":{"rendered":"Rep\u00f3rterMT O ator e diretor Cassyo Anders e a atriz e produtora executiva Hai Mehinako compartilharam a experi\u00eancia&hellip;\n","protected":false},"author":2,"featured_media":153019,"comment_status":"","ping_status":"","sticky":false,"template":"","format":"standard","meta":{"footnotes":""},"categories":[140],"tags":[33045,33047,114,115,147,148,146,32,33046,33,33049,33048],"class_list":{"0":"post-153018","1":"post","2":"type-post","3":"status-publish","4":"format-standard","5":"has-post-thumbnail","7":"category-filmes","8":"tag-casa-xingu","9":"tag-documentario-casa-xingu","10":"tag-entertainment","11":"tag-entretenimento","12":"tag-film","13":"tag-filmes","14":"tag-movies","15":"tag-portugal","16":"tag-povo-mehinako","17":"tag-pt","18":"tag-territorio-xinguano","19":"tag-ufmt"},"share_on_mastodon":{"url":"https:\/\/pubeurope.com\/@pt\/115555141380666667","error":""},"_links":{"self":[{"href":"https:\/\/www.europesays.com\/pt\/wp-json\/wp\/v2\/posts\/153018","targetHints":{"allow":["GET"]}}],"collection":[{"href":"https:\/\/www.europesays.com\/pt\/wp-json\/wp\/v2\/posts"}],"about":[{"href":"https:\/\/www.europesays.com\/pt\/wp-json\/wp\/v2\/types\/post"}],"author":[{"embeddable":true,"href":"https:\/\/www.europesays.com\/pt\/wp-json\/wp\/v2\/users\/2"}],"replies":[{"embeddable":true,"href":"https:\/\/www.europesays.com\/pt\/wp-json\/wp\/v2\/comments?post=153018"}],"version-history":[{"count":0,"href":"https:\/\/www.europesays.com\/pt\/wp-json\/wp\/v2\/posts\/153018\/revisions"}],"wp:featuredmedia":[{"embeddable":true,"href":"https:\/\/www.europesays.com\/pt\/wp-json\/wp\/v2\/media\/153019"}],"wp:attachment":[{"href":"https:\/\/www.europesays.com\/pt\/wp-json\/wp\/v2\/media?parent=153018"}],"wp:term":[{"taxonomy":"category","embeddable":true,"href":"https:\/\/www.europesays.com\/pt\/wp-json\/wp\/v2\/categories?post=153018"},{"taxonomy":"post_tag","embeddable":true,"href":"https:\/\/www.europesays.com\/pt\/wp-json\/wp\/v2\/tags?post=153018"}],"curies":[{"name":"wp","href":"https:\/\/api.w.org\/{rel}","templated":true}]}}