{"id":153020,"date":"2025-11-15T18:31:15","date_gmt":"2025-11-15T18:31:15","guid":{"rendered":"https:\/\/www.europesays.com\/pt\/153020\/"},"modified":"2025-11-15T18:31:15","modified_gmt":"2025-11-15T18:31:15","slug":"benfica-pode-gastar-cerca-de-200-milhoes-de-euros-em-reforcos","status":"publish","type":"post","link":"https:\/\/www.europesays.com\/pt\/153020\/","title":{"rendered":"Benfica pode gastar cerca de 200 milh\u00f5es de euros em refor\u00e7os"},"content":{"rendered":"<p>&#8211; Advertisement &#8211;<\/p>\n<p><strong>O Benfica est\u00e1 a preparar um forte ataque ao mercado de inverno. \u00c1guias poder\u00e3o gastar, no total, cerca de 200 milh\u00f5es de euros esta \u00e9poca.<\/strong><\/p>\n<p>O Benfica prepara forte ataque ao mercado de inverno e poder\u00e1 gastar, esta temporada, cerca de 200 milh\u00f5es de euros em refor\u00e7os, garante o Correio da Manh\u00e3. O n\u00famero j\u00e1 inclui o mercado de ver\u00e3o passado, em que foram investidos 137,2 milh\u00f5es de euros, em nove contrata\u00e7\u00f5es. <\/p>\n<p>De acordo com a mesma fonte, Jos\u00e9 Mourinho acredita que o plantem tem v\u00e1rias lacunas e a SAD do Benfica est\u00e1 a preparar um forte ao mercado de janeiro. O t\u00e9cnico portugu\u00eas gostaria de ter um avan\u00e7ado forte fisicamente, um lateral esquerdo, dois extremos e, talvez, um m\u00e9dio. <\/p>\n<p>Para tal investimento, o <a href=\"https:\/\/bolanarede.pt\/etiqueta\/benfica\/\" target=\"_blank\" rel=\"noreferrer noopener nofollow\">Benfica <\/a>ter\u00e1 de vender jogadores e, segundo noticiado, Andreas Schjelderup e Gianluca Prestianni s\u00e3o neste momento os mais poss\u00edveis \u00e0 sa\u00edda.<\/p>\n","protected":false},"excerpt":{"rendered":"&#8211; Advertisement &#8211; O Benfica est\u00e1 a preparar um forte ataque ao mercado de inverno. \u00c1guias poder\u00e3o gastar,&hellip;\n","protected":false},"author":2,"featured_media":153021,"comment_status":"","ping_status":"","sticky":false,"template":"","format":"standard","meta":{"footnotes":""},"categories":[87],"tags":[260,51,135,478,1385,32,33,134],"class_list":{"0":"post-153020","1":"post","2":"type-post","3":"status-publish","4":"format-standard","5":"has-post-thumbnail","7":"category-desporto","8":"tag-atualidade","9":"tag-benfica","10":"tag-desporto","11":"tag-destaques-bnr","12":"tag-jose-mourinho","13":"tag-portugal","14":"tag-pt","15":"tag-sports"},"share_on_mastodon":{"url":"https:\/\/pubeurope.com\/@pt\/115555145000140798","error":""},"_links":{"self":[{"href":"https:\/\/www.europesays.com\/pt\/wp-json\/wp\/v2\/posts\/153020","targetHints":{"allow":["GET"]}}],"collection":[{"href":"https:\/\/www.europesays.com\/pt\/wp-json\/wp\/v2\/posts"}],"about":[{"href":"https:\/\/www.europesays.com\/pt\/wp-json\/wp\/v2\/types\/post"}],"author":[{"embeddable":true,"href":"https:\/\/www.europesays.com\/pt\/wp-json\/wp\/v2\/users\/2"}],"replies":[{"embeddable":true,"href":"https:\/\/www.europesays.com\/pt\/wp-json\/wp\/v2\/comments?post=153020"}],"version-history":[{"count":0,"href":"https:\/\/www.europesays.com\/pt\/wp-json\/wp\/v2\/posts\/153020\/revisions"}],"wp:featuredmedia":[{"embeddable":true,"href":"https:\/\/www.europesays.com\/pt\/wp-json\/wp\/v2\/media\/153021"}],"wp:attachment":[{"href":"https:\/\/www.europesays.com\/pt\/wp-json\/wp\/v2\/media?parent=153020"}],"wp:term":[{"taxonomy":"category","embeddable":true,"href":"https:\/\/www.europesays.com\/pt\/wp-json\/wp\/v2\/categories?post=153020"},{"taxonomy":"post_tag","embeddable":true,"href":"https:\/\/www.europesays.com\/pt\/wp-json\/wp\/v2\/tags?post=153020"}],"curies":[{"name":"wp","href":"https:\/\/api.w.org\/{rel}","templated":true}]}}