{"id":153024,"date":"2025-11-15T18:36:31","date_gmt":"2025-11-15T18:36:31","guid":{"rendered":"https:\/\/www.europesays.com\/pt\/153024\/"},"modified":"2025-11-15T18:36:31","modified_gmt":"2025-11-15T18:36:31","slug":"japao-chama-exercito-e-policias-reformados-para-combater-onda-de-ataques-mortais-de-ursos","status":"publish","type":"post","link":"https:\/\/www.europesays.com\/pt\/153024\/","title":{"rendered":"Jap\u00e3o chama ex\u00e9rcito e pol\u00edcias reformados para combater onda de ataques mortais de ursos"},"content":{"rendered":"<p class=\"wp-caption-text top\">Taichi Kaizuka \/ Mainichi; Tend<\/p>\n<p><img decoding=\"async\" loading=\"lazy\" class=\"size-kopa-image-size-3 wp-image-711590\" src=\"https:\/\/www.europesays.com\/pt\/wp-content\/uploads\/2025\/11\/fe6d1fed11fa60277fb6a2f73efb8be2-783x450.jpg\" alt=\"\" width=\"700\" height=\"402\"  \/><\/p>\n<p><strong>A enorme popula\u00e7\u00e3o de ursos do nordeste do Jap\u00e3o est\u00e1 com fome \u2014 e come\u00e7ou a invadir zonas residenciais. Os ataques est\u00e3o a semear o p\u00e2nico e j\u00e1 fizeram 13 v\u00edtimas mortais.<\/strong><\/p>\n<p>O governo do Jap\u00e3o anunciou esta sexta-feira um plano que \u201ctem como objetivo reduzir a <strong>sobrepopula\u00e7\u00e3o de ursos<\/strong>, afastando-os das \u00e1reas habitadas e intensificando os esfor\u00e7os de captura\u201d, declarou o secret\u00e1rio-geral do governo, <strong>Minoru Kihara<\/strong>, numa confer\u00eancia de imprensa.<\/p>\n<p>O plano inclui um esfor\u00e7o para recrutar antigos<strong> agentes da pol\u00edcia<\/strong> <strong>reformados<\/strong>, cuja experi\u00eancia em porte\u00a0 e uso de armas de fogo \u00e9 considerada \u00fatil no esfor\u00e7o de conten\u00e7\u00e3o da popula\u00e7\u00e3o de ursos, detalhou Kihara, citado pelo <a href=\"https:\/\/www.japantimes.co.jp\/news\/2025\/11\/14\/japan\/japan-bear-attacks-measures\/\" data-wpel-link=\"external\" target=\"_blank\" rel=\"nofollow external noopener noreferrer\" class=\"ext-link\">Japan Times<\/a>.<\/p>\n<p>Nos \u00faltimos meses tem havido <strong>relatos quase di\u00e1rios de ataques de ursos<\/strong>, que rondam \u00e1reas residenciais, entram em habita\u00e7\u00f5es, destroem supermercados e aproximam-se de escolas.<\/p>\n<p>Estes ataques, que <strong>j\u00e1 fizeram 13 v\u00edtimas mortais e mais de 100 feridos<\/strong>, t\u00eam semeando o p\u00e2nico entre a popula\u00e7\u00e3o, especialmente nas regi\u00f5es de Akita e Iwate, no nordeste do pa\u00eds, onde ocorreram a maioria dos ataques.<\/p>\n<p><strong>Keiji Minatoya<\/strong>, um pasteleiro de 68 anos que foi atacado na garagem de casa, conta \u00e0 AFP que se lembra de ter<strong> lutado para proteger a cabe\u00e7a<\/strong> antes de conseguir refugiar-se na cozinha. \u201cEu s\u00f3 pensava: <strong>vou morrer assim<\/strong>\u201d.<\/p>\n<p>Segundo a ag\u00eancia AFP, alguns munic\u00edpios j\u00e1 mobilizaram a <strong>pol\u00edcia de choque<\/strong> para apoiar os ca\u00e7adores locais encarregues de <strong>capturar e abater os ursos<\/strong>., que podem cegar a <strong>pesar mais de 500 kg e correr mais do que um humano<\/strong>.<\/p>\n<p>Os pol\u00edcias japoneses, que habitualmente est\u00e3o equipados com espingardas, est\u00e3o desde quinta-feira<strong> autorizados a abater ursos<\/strong>, depois de as r\u00edgidas normas do pa\u00eds sobre armas de fogo terem sido relaxadas.<\/p>\n<p>O Ex\u00e9rcito foi tamb\u00e9m mobilizado para as regi\u00f5es do nordeste do pa\u00eds, mas os <strong>soldados n\u00e3o est\u00e3o armados<\/strong>; est\u00e3o equipados com sprays anti-ursos, bast\u00f5es, escudos, \u00f3culos de prote\u00e7\u00e3o, coletes \u00e0 prova de bala e lan\u00e7adores de redes, ajudar\u00e3o a transportar armadilhas para ursos, ca\u00e7adores e animais capturados.<\/p>\n<p>A <strong>escassez de alimentos, em particular de bolota<\/strong>, levou este ano os ursos, cuja popula\u00e7\u00e3o est\u00e1 em plena expans\u00e3o no arquip\u00e9lago, a aventurarem-se nas cidades, enquanto o despovoamento das \u00e1reas rurais aumenta as fronteiras entre florestas e \u00e1reas urbanas, segundo os investigadores.<\/p>\n<p>Segundo a <a href=\"https:\/\/apnews.com\/article\/japan-bear-attack-army-12a2a3233790deeefd9ec379d0121f33\" data-wpel-link=\"external\" target=\"_blank\" rel=\"nofollow external noopener noreferrer\" class=\"ext-link\">AP News<\/a>, a governo estima que a<strong> popula\u00e7\u00e3o total de ursos<\/strong> seja atualmente<strong> superior a 54.000<\/strong> animais. \u201cO tamanho da popula\u00e7\u00e3o excede a <strong>capacidade das montanhas<\/strong>\u201d, explica \u00e0 AFP <strong>Naoki Ohnishi<\/strong>, investigador do Instituto de Pesquisa Florestal do Jap\u00e3o.<\/p>\n<p>\u201cTodos os dias, os ursos invadem \u00e1reas residenciais na regi\u00e3o e o seu impacto est\u00e1 a expandir-se\u201d, disse o vice-secret\u00e1rio do Minist\u00e9rio do Ambiente do Jap\u00e3o, <strong>Fumitoshi Sato<\/strong>. \u201cA resposta ao problema dos ursos <strong>\u00e9 uma quest\u00e3o urgente<\/strong>\u201d.<\/p>\n<p><strong>O inverno vai agora trazer algum al\u00edvio<\/strong>, porque os ursos entram em hiberna\u00e7\u00e3o, o que acabar\u00e1 por reduzir as incurs\u00f5es \u2014 mas a amea\u00e7a persiste.<\/p>\n<p>\u201c<strong>\u00c9 como viver em num saf\u00e1ri de ursos<\/strong>\u201d, confessa <strong>Hajime Nakae<\/strong>, professor de Medicina no hospital universit\u00e1rio de Akita, que h\u00e1 30 anos trata ferimentos causados por esses animais. \u201c<strong>Estamos a assistir a uma cat\u00e1strofe<\/strong>\u201d.<\/p>\n<p>    <a href=\"https:\/\/zap.aeiou.pt\/subscrever-newsletter\" data-wpel-link=\"internal\" rel=\"nofollow noopener\" target=\"_blank\">&#13;<br \/>\n        <img loading=\"lazy\" decoding=\"async\" class=\"aligncenter size-full wp-image-575475\" src=\"https:\/\/www.europesays.com\/pt\/wp-content\/uploads\/2025\/11\/2d51fe4a0ba54894421ead1809309ed9-1-450x140.jpg\" alt=\"Subscreva a Newsletter ZAP\" width=\"450\" height=\"140\"\/>&#13;<br \/>\n    <\/a><\/p>\n<p>                <a href=\"https:\/\/whatsapp.com\/channel\/0029VaIC4EE2f3EJZPPSbR34\" data-wpel-link=\"external\" target=\"_blank\" rel=\"nofollow external noopener noreferrer\" class=\"ext-link\">&#13;<br \/>\n                    <img loading=\"lazy\" decoding=\"async\" class=\"aligncenter size-full wp-image-575475\" src=\"https:\/\/www.europesays.com\/pt\/wp-content\/uploads\/2025\/11\/c68c559d956d4ca20f435ed74a6e71e6.png\" alt=\"Siga-nos no WhatsApp\" width=\"175\" height=\"64\"\/>&#13;<br \/>\n                <\/a><\/p>\n<p>                <a href=\"https:\/\/news.google.com\/publications\/CAAiEHRwZondIV71PDjWNoqMduEqFAgKIhB0cGaJ3SFe9Tw41jaKjHbh?hl=en-US&amp;gl=US&amp;ceid=US%3Aen\" data-wpel-link=\"external\" target=\"_blank\" rel=\"nofollow external noopener noreferrer\" class=\"ext-link\">&#13;<br \/>\n                    <img loading=\"lazy\" decoding=\"async\" class=\"aligncenter size-full wp-image-575475\" src=\"https:\/\/www.europesays.com\/pt\/wp-content\/uploads\/2025\/11\/5123dd8b087b644fdb8f8603acd1bad4.png\" alt=\"Siga-nos no Google News\" width=\"176\" height=\"64\"\/>&#13;<br \/>\n                <\/a><\/p>\n","protected":false},"excerpt":{"rendered":"Taichi Kaizuka \/ Mainichi; Tend A enorme popula\u00e7\u00e3o de ursos do nordeste do Jap\u00e3o est\u00e1 com fome \u2014&hellip;\n","protected":false},"author":2,"featured_media":153025,"comment_status":"","ping_status":"","sticky":false,"template":"","format":"standard","meta":{"footnotes":""},"categories":[50],"tags":[1353,27,28,15,16,14,461,25,26,21,22,62,12,13,19,20,23,24,1717,17,18,29,30,31,63,64,65],"class_list":{"0":"post-153024","1":"post","2":"type-post","3":"status-publish","4":"format-standard","5":"has-post-thumbnail","7":"category-mundo","8":"tag-animais","9":"tag-breaking-news","10":"tag-breakingnews","11":"tag-featured-news","12":"tag-featurednews","13":"tag-headlines","14":"tag-japao","15":"tag-latest-news","16":"tag-latestnews","17":"tag-main-news","18":"tag-mainnews","19":"tag-mundo","20":"tag-news","21":"tag-noticias","22":"tag-noticias-principais","23":"tag-noticiasprincipais","24":"tag-principais-noticias","25":"tag-principaisnoticias","26":"tag-seguranca","27":"tag-top-stories","28":"tag-topstories","29":"tag-ultimas","30":"tag-ultimas-noticias","31":"tag-ultimasnoticias","32":"tag-world","33":"tag-world-news","34":"tag-worldnews"},"share_on_mastodon":{"url":"https:\/\/pubeurope.com\/@pt\/115555164991924085","error":""},"_links":{"self":[{"href":"https:\/\/www.europesays.com\/pt\/wp-json\/wp\/v2\/posts\/153024","targetHints":{"allow":["GET"]}}],"collection":[{"href":"https:\/\/www.europesays.com\/pt\/wp-json\/wp\/v2\/posts"}],"about":[{"href":"https:\/\/www.europesays.com\/pt\/wp-json\/wp\/v2\/types\/post"}],"author":[{"embeddable":true,"href":"https:\/\/www.europesays.com\/pt\/wp-json\/wp\/v2\/users\/2"}],"replies":[{"embeddable":true,"href":"https:\/\/www.europesays.com\/pt\/wp-json\/wp\/v2\/comments?post=153024"}],"version-history":[{"count":0,"href":"https:\/\/www.europesays.com\/pt\/wp-json\/wp\/v2\/posts\/153024\/revisions"}],"wp:featuredmedia":[{"embeddable":true,"href":"https:\/\/www.europesays.com\/pt\/wp-json\/wp\/v2\/media\/153025"}],"wp:attachment":[{"href":"https:\/\/www.europesays.com\/pt\/wp-json\/wp\/v2\/media?parent=153024"}],"wp:term":[{"taxonomy":"category","embeddable":true,"href":"https:\/\/www.europesays.com\/pt\/wp-json\/wp\/v2\/categories?post=153024"},{"taxonomy":"post_tag","embeddable":true,"href":"https:\/\/www.europesays.com\/pt\/wp-json\/wp\/v2\/tags?post=153024"}],"curies":[{"name":"wp","href":"https:\/\/api.w.org\/{rel}","templated":true}]}}