{"id":153028,"date":"2025-11-15T18:42:19","date_gmt":"2025-11-15T18:42:19","guid":{"rendered":"https:\/\/www.europesays.com\/pt\/153028\/"},"modified":"2025-11-15T18:42:19","modified_gmt":"2025-11-15T18:42:19","slug":"casa-dos-segredos-ui-apos-revelacao-polemica-de-fabio-daniel-raquel-promete-ajustar-contas","status":"publish","type":"post","link":"https:\/\/www.europesays.com\/pt\/153028\/","title":{"rendered":"Casa dos Segredos &#8211; Ui&#8230; Ap\u00f3s revela\u00e7\u00e3o pol\u00e9mica de F\u00e1bio Daniel, Raquel promete &#8220;ajustar contas&#8221;"},"content":{"rendered":"<p>Recentemente,<strong> F\u00e1bio Daniel<\/strong>, ex-concorrente da<strong> Casa dos Segredos 9<\/strong>, &#8216;<a href=\"https:\/\/www.novagente.pt\/casa-dos-segredos-ex-concorrente-denuncia-que-aconteceu-na-gala-de-estreia-entre-raquel-ex-noivo-de\" rel=\"nofollow noopener\" target=\"_blank\">incendiou&#8217; as redes sociais<\/a> ao afirmar que, na gala de estreia do programa, &#8220;a Raquel ficou com o Z\u00e9&#8221;, ex-noivo de <strong>Liliana<\/strong>. O engenheiro industrial lan\u00e7ou o rumor, mas n\u00e3o deu mais detalhes\u00a0nem esclareceu o que queria dizer com &#8220;ficar&#8221;.<\/p>\n<blockquote>\n<p><strong>Leia ainda:<\/strong> Casa dos Segredos &#8211; <a href=\"https:\/\/www.novagente.pt\/casa-dos-segredos-insolito-leandro-ja-comprou-propria-campa-tenho-onde-cair-morto\" rel=\"nofollow noopener\" target=\"_blank\">Ins\u00f3lito! Leandro j\u00e1 comprou a pr\u00f3pria campa: &#8220;Tenho onde cair morto&#8221;<\/a><\/p>\n<\/blockquote>\n<p>Entretanto, Raquel, j\u00e1 fora da casa mais vigiada do pa\u00eds, tomou conhecimento das declara\u00e7\u00f5es. &#8220;Com o Z\u00e9? Isso n\u00e3o faz sentido nenhum. \u00c9 um aldrab\u00e3o, isso nunca aconteceu e hei de ajustar contas disso&#8221;, disse, segundo avan\u00e7a o site Dioguinho, a um familiar.<\/p>\n<p><strong>Recorde:<\/strong><\/p>\n<p>\u00a0<\/p>\n<blockquote class=\"twitter-tweet\">\n<p dir=\"ltr\" lang=\"pt\" xml:lang=\"pt\">Se andam enervados com o facto da Raquel ter dito aos outros que a Ana Cristina vendeu \u00f3vulos, a vossa cabe\u00e7a vai explodir quando pensarem que na gala de estreia no intervalo ela ficou com o Z\u00e9 <a href=\"https:\/\/twitter.com\/hashtag\/sstvi?src=hash&amp;ref_src=twsrc%5Etfw\" rel=\"nofollow noopener\" target=\"_blank\">#sstvi<\/a> <a href=\"https:\/\/t.co\/GhN7TwMoBQ\" rel=\"nofollow\">pic.twitter.com\/GhN7TwMoBQ<\/a><\/p>\n<p>\u2014 F\u00e1bio Daniel &#8211; SS9 (@fabiodanielss9) <a href=\"https:\/\/twitter.com\/fabiodanielss9\/status\/1983239354907529719?ref_src=twsrc%5Etfw\" rel=\"nofollow noopener\" target=\"_blank\">October 28, 2025<\/a><\/p>\n<\/blockquote>\n<p>\u00a0<\/p>\n<p>Sandro, da Casa dos Segredos, critica Cristina Ferreira\u00a0<\/p>\n<p>Texto: Beatriz Soares; Fotos: DR e Redes Sociais.\u00a0<\/p>\n<p class=\"intagram-text\">Siga a Nova Gente no Instagram<\/p>\n<p>                        <a href=\"https:\/\/www.instagram.com\/revistanovagente\/\" target=\"_blank\" aria-label=\"instagram\" rel=\"noopener nofollow\"><img decoding=\"async\" style=\"display: block; margin-left: auto; margin-right: auto; width: 250px; height: 83px;\" src=\"https:\/\/www.europesays.com\/pt\/wp-content\/uploads\/2025\/11\/Instagram_NG.png\" alt=\"instagram\"\/><\/a><br \/>\n                    <script async src=\"https:\/\/platform.twitter.com\/widgets.js\" charset=\"utf-8\"><\/script><script async src=\"\/\/www.instagram.com\/embed.js\"><\/script><\/p>\n","protected":false},"excerpt":{"rendered":"Recentemente, F\u00e1bio Daniel, ex-concorrente da Casa dos Segredos 9, &#8216;incendiou&#8217; as redes sociais ao afirmar que, na gala&hellip;\n","protected":false},"author":2,"featured_media":153029,"comment_status":"","ping_status":"","sticky":false,"template":"","format":"standard","meta":{"footnotes":""},"categories":[142],"tags":[2632,114,115,19151,19016,32,33,5936,1315,151,975],"class_list":{"0":"post-153028","1":"post","2":"type-post","3":"status-publish","4":"format-standard","5":"has-post-thumbnail","7":"category-tv","8":"tag-casa-dos-segredos","9":"tag-entertainment","10":"tag-entretenimento","11":"tag-fabio-daniel","12":"tag-liliana","13":"tag-portugal","14":"tag-pt","15":"tag-raquel","16":"tag-secret-story","17":"tag-tv","18":"tag-ze"},"share_on_mastodon":{"url":"https:\/\/pubeurope.com\/@pt\/115555188465246895","error":""},"_links":{"self":[{"href":"https:\/\/www.europesays.com\/pt\/wp-json\/wp\/v2\/posts\/153028","targetHints":{"allow":["GET"]}}],"collection":[{"href":"https:\/\/www.europesays.com\/pt\/wp-json\/wp\/v2\/posts"}],"about":[{"href":"https:\/\/www.europesays.com\/pt\/wp-json\/wp\/v2\/types\/post"}],"author":[{"embeddable":true,"href":"https:\/\/www.europesays.com\/pt\/wp-json\/wp\/v2\/users\/2"}],"replies":[{"embeddable":true,"href":"https:\/\/www.europesays.com\/pt\/wp-json\/wp\/v2\/comments?post=153028"}],"version-history":[{"count":0,"href":"https:\/\/www.europesays.com\/pt\/wp-json\/wp\/v2\/posts\/153028\/revisions"}],"wp:featuredmedia":[{"embeddable":true,"href":"https:\/\/www.europesays.com\/pt\/wp-json\/wp\/v2\/media\/153029"}],"wp:attachment":[{"href":"https:\/\/www.europesays.com\/pt\/wp-json\/wp\/v2\/media?parent=153028"}],"wp:term":[{"taxonomy":"category","embeddable":true,"href":"https:\/\/www.europesays.com\/pt\/wp-json\/wp\/v2\/categories?post=153028"},{"taxonomy":"post_tag","embeddable":true,"href":"https:\/\/www.europesays.com\/pt\/wp-json\/wp\/v2\/tags?post=153028"}],"curies":[{"name":"wp","href":"https:\/\/api.w.org\/{rel}","templated":true}]}}