{"id":153030,"date":"2025-11-15T18:44:10","date_gmt":"2025-11-15T18:44:10","guid":{"rendered":"https:\/\/www.europesays.com\/pt\/153030\/"},"modified":"2025-11-15T18:44:10","modified_gmt":"2025-11-15T18:44:10","slug":"anaconda-apresenta-personagem-de-selton-mello-em-novo-clipe","status":"publish","type":"post","link":"https:\/\/www.europesays.com\/pt\/153030\/","title":{"rendered":"Anaconda apresenta personagem de Selton Mello em novo clipe"},"content":{"rendered":"<p>Anaconda apresenta personagem de Selton Mello em novo clipe<\/p>\n<p>\n      Astro recebe Paul Rudd e Jack Black no Brasil em pr\u00e9via in\u00e9dita\n    <\/p>\n<p>      <img decoding=\"async\" class=\"reading-time__icon\" src=\"https:\/\/cdn.ome.lt\/static\/omelete25\/img\/clock-icon.svg\" alt=\"Omelete\"\/><\/p>\n<p>\n        1 min de leitura\n      <\/p>\n<p>            <img loading=\"lazy\" decoding=\"async\" class=\"action-buttons__icon\" src=\"https:\/\/cdn.ome.lt\/static\/omelete25\/img\/share-icon.svg\" alt=\"\u00cdcone compartilhamento\" width=\"24\" height=\"24\"\/><\/p>\n<p>        Compartilhar<\/p>\n<p>  <img decoding=\"async\" src=\"https:\/\/cdn.ome.lt\/static\/omelete\/img\/loading.svg\" alt=\"\"\/><\/p>\n<p>  <img decoding=\"async\" class=\"article__cover__image\" data-lazy-src-mob=\"\/\/cdn.ome.lt\/-LDV8YDx-AYj-htnWp2l-wU30VI=\/570x0\/smart\/filters:format(webp)\/uploads\/conteudo\/fotos\/anaconda-selton-mello-personagem.jpg\" data-lazy-src=\"https:\/\/cdn.ome.lt\/yk76CSkQNHHUIwqkgz1Us7u9f3U=\/987x0\/smart\/filters:format(webp)\/uploads\/conteudo\/fotos\/anaconda-selton-mello-personagem.jpg\" src=\"data:image\/png;base64,iVBORw0KGgoAAAANSUhEUgAAAAEAAAABCAQAAAC1HAwCAAAAC0lEQVR42mNkYAAAAAYAAjCB0C8AAAAASUVORK5CYII=\" alt=\"Foto de Selton Mello no novo filme de Anaconda\" title=\"Foto de Selton Mello no novo filme de Anaconda\" width=\"987\" height=\"555\" fetchpriority=\"high\"\/><\/p>\n<p dir=\"ltr\">A <strong>Sony Pictures <\/strong>revelou um clipe in\u00e9dito do reboot de <strong>Anaconda<\/strong>. A pr\u00e9via apresenta Carlos Santiago, cuidador de cobras interpretado por <strong>Selton Mello <\/strong>(Ainda Estou Aqui), que d\u00e1 as boas vindas aos personagens de <strong>Jack Black <\/strong>(Um Filme Minecraft) e <strong>Paul Rudd <\/strong>(Homem-Formiga) ao Brasil. Confira abaixo:<\/p>\n<p>            Continua depois da Publicidade<\/p>\n<p>    Qual \u00e9 a hist\u00f3ria do novo\u00a0Anaconda?<\/p>\n<p>O novo longa envolve um grupo de amigos sofrendo com uma crise de meia-idade. Para sair da mesma, eles resolvem finalmente realizar seu sonho e fazer um reboot do seu filme preferido da juventude:\u00a0Anaconda. Quando eles chegam na floresta, eles acabam tendo que enfrentar desastres naturais reais, criminosos violentos, e obviamente, cobras gigantes.<\/p>\n<p>Jack Black interpretar\u00e1 um antigo diretor, um homem preso em seu trabalho como cinegrafista de casamento, enquanto Paul Rudd interpretar\u00e1 um ator que fez uma temporada em um programa policial, mas v\u00ea seus sonhos de Hollywood se distanciando cada vez mais. O novo\u00a0Anaconda tem estreia marcada para o dia 25 de dezembro.<\/p>\n<p>          Omelete Recomenda<\/p>\n<p class=\"lgpd__text\">\n      Ao continuar navegando, declaro que estou ciente e concordo com a nossa<br \/>\n      <a class=\"lgpd__link\" href=\"https:\/\/www.omeletecompany.com\/politica-privacidade\" target=\"_blank\" rel=\"nofollow noopener\">Pol\u00edtica de Privacidade<\/a><br \/>\n      bem como manifesto o consentimento quanto ao fornecimento e tratamento dos dados e cookies para as finalidades ali<br \/>\n      constantes.\n    <\/p>\n<p>    Aceitar<\/p>\n","protected":false},"excerpt":{"rendered":"Anaconda apresenta personagem de Selton Mello em novo clipe Astro recebe Paul Rudd e Jack Black no Brasil&hellip;\n","protected":false},"author":2,"featured_media":153031,"comment_status":"","ping_status":"","sticky":false,"template":"","format":"standard","meta":{"footnotes":""},"categories":[140],"tags":[114,115,147,148,146,32,33],"class_list":{"0":"post-153030","1":"post","2":"type-post","3":"status-publish","4":"format-standard","5":"has-post-thumbnail","7":"category-filmes","8":"tag-entertainment","9":"tag-entretenimento","10":"tag-film","11":"tag-filmes","12":"tag-movies","13":"tag-portugal","14":"tag-pt"},"share_on_mastodon":{"url":"https:\/\/pubeurope.com\/@pt\/115555196468774106","error":""},"_links":{"self":[{"href":"https:\/\/www.europesays.com\/pt\/wp-json\/wp\/v2\/posts\/153030","targetHints":{"allow":["GET"]}}],"collection":[{"href":"https:\/\/www.europesays.com\/pt\/wp-json\/wp\/v2\/posts"}],"about":[{"href":"https:\/\/www.europesays.com\/pt\/wp-json\/wp\/v2\/types\/post"}],"author":[{"embeddable":true,"href":"https:\/\/www.europesays.com\/pt\/wp-json\/wp\/v2\/users\/2"}],"replies":[{"embeddable":true,"href":"https:\/\/www.europesays.com\/pt\/wp-json\/wp\/v2\/comments?post=153030"}],"version-history":[{"count":0,"href":"https:\/\/www.europesays.com\/pt\/wp-json\/wp\/v2\/posts\/153030\/revisions"}],"wp:featuredmedia":[{"embeddable":true,"href":"https:\/\/www.europesays.com\/pt\/wp-json\/wp\/v2\/media\/153031"}],"wp:attachment":[{"href":"https:\/\/www.europesays.com\/pt\/wp-json\/wp\/v2\/media?parent=153030"}],"wp:term":[{"taxonomy":"category","embeddable":true,"href":"https:\/\/www.europesays.com\/pt\/wp-json\/wp\/v2\/categories?post=153030"},{"taxonomy":"post_tag","embeddable":true,"href":"https:\/\/www.europesays.com\/pt\/wp-json\/wp\/v2\/tags?post=153030"}],"curies":[{"name":"wp","href":"https:\/\/api.w.org\/{rel}","templated":true}]}}