{"id":153032,"date":"2025-11-15T18:45:11","date_gmt":"2025-11-15T18:45:11","guid":{"rendered":"https:\/\/www.europesays.com\/pt\/153032\/"},"modified":"2025-11-15T18:45:11","modified_gmt":"2025-11-15T18:45:11","slug":"barcelona-vai-oferecer-50-milhoes-de-euros-por-novo-medio-ja-em-janeiro","status":"publish","type":"post","link":"https:\/\/www.europesays.com\/pt\/153032\/","title":{"rendered":"Barcelona vai oferecer 50 milh\u00f5es de euros por novo m\u00e9dio j\u00e1 em janeiro"},"content":{"rendered":"<p>&#8211; Advertisement &#8211;<\/p>\n<p><strong>O Barcelona prepara uma proposta por Ryan Gravenberch. O emblema catal\u00e3o quer refor\u00e7ar meio-campo e pensa no m\u00e9dio do Liverpool.<\/strong><\/p>\n<p>O Barcelona pretende refor\u00e7ar o meio-campo e corresponder aos pedidos de Hansi Flick. De acordo com o di\u00e1rio Fichajes, o treinador do clube quer um m\u00e9dio mais capaz e eficiente em transi\u00e7\u00e3o defensiva, mas com pergaminhos para se envolver no ataque e a escolha j\u00e1 foi feita: Ryan Gravenberch.<\/p>\n<p>O Barcelona prepara-se para iniciar as negocia\u00e7\u00f5es em janeiro com uma proposta de 50 milh\u00f5es de euros. As dificuldades na \u00e9poca do Liverpool levam os cul\u00e9s a pensar que os reds est\u00e3o abertos a uma reformula\u00e7\u00e3o no meio-campo. O Real Madrid tamb\u00e9m est\u00e1 interessado e o Liverpool<a href=\"https:\/\/bolanarede.pt\/especial-bola-na-rede\/atualidade\/liverpool-exige-65-milhoes-de-euros-para-vender-alvo-do-real-madrid\/\" target=\"_blank\" rel=\"noreferrer noopener nofollow\"> exige pelo menos 65 milh\u00f5es de euros por Ryan Gravenberch. <\/a><\/p>\n<p>Ryan Gravenberch est\u00e1 a cumprir a terceira temporada da carreira no Liverpool. Em 2025\/26, o m\u00e9dio soma tr\u00eas golos e duas assist\u00eancias em 12 jogos pelo clube. <\/p>\n<blockquote class=\"twitter-tweet\" data-width=\"550\" data-dnt=\"true\">\n<p lang=\"en\" dir=\"ltr\">\ud83d\udea8 Barcelona are ready to make a bid of \u00a344M to sign Liverpool midfielder Ryan Gravenberch in January and believe such a fee will be enough to start formal negotiations.<\/p>\n<p>Hansi Flick&#8217;s team is looking for a defensive midfielder who provides both defensive balance and forward\u2026 <a href=\"https:\/\/t.co\/XFyPSRB9PE\" rel=\"nofollow\">pic.twitter.com\/XFyPSRB9PE<\/a><\/p>\n<p>\u2014 Transfer News Live (@DeadlineDayLive) <a href=\"https:\/\/twitter.com\/DeadlineDayLive\/status\/1988725238733939013?ref_src=twsrc%5Etfw\" rel=\"nofollow noopener\" target=\"_blank\">November 12, 2025<\/a><\/p><\/blockquote>\n<p><script async src=\"https:\/\/platform.twitter.com\/widgets.js\" charset=\"utf-8\"><\/script><\/p>\n","protected":false},"excerpt":{"rendered":"&#8211; Advertisement &#8211; O Barcelona prepara uma proposta por Ryan Gravenberch. O emblema catal\u00e3o quer refor\u00e7ar meio-campo e&hellip;\n","protected":false},"author":2,"featured_media":153033,"comment_status":"","ping_status":"","sticky":false,"template":"","format":"standard","meta":{"footnotes":""},"categories":[87],"tags":[260,1235,135,5705,960,32,666,33,33050,134],"class_list":{"0":"post-153032","1":"post","2":"type-post","3":"status-publish","4":"format-standard","5":"has-post-thumbnail","7":"category-desporto","8":"tag-atualidade","9":"tag-barcelona","10":"tag-desporto","11":"tag-la-liga","12":"tag-liverpool","13":"tag-portugal","14":"tag-premier-league","15":"tag-pt","16":"tag-ryan-gravenberch","17":"tag-sports"},"share_on_mastodon":{"url":"https:\/\/pubeurope.com\/@pt\/115555200058095351","error":""},"_links":{"self":[{"href":"https:\/\/www.europesays.com\/pt\/wp-json\/wp\/v2\/posts\/153032","targetHints":{"allow":["GET"]}}],"collection":[{"href":"https:\/\/www.europesays.com\/pt\/wp-json\/wp\/v2\/posts"}],"about":[{"href":"https:\/\/www.europesays.com\/pt\/wp-json\/wp\/v2\/types\/post"}],"author":[{"embeddable":true,"href":"https:\/\/www.europesays.com\/pt\/wp-json\/wp\/v2\/users\/2"}],"replies":[{"embeddable":true,"href":"https:\/\/www.europesays.com\/pt\/wp-json\/wp\/v2\/comments?post=153032"}],"version-history":[{"count":0,"href":"https:\/\/www.europesays.com\/pt\/wp-json\/wp\/v2\/posts\/153032\/revisions"}],"wp:featuredmedia":[{"embeddable":true,"href":"https:\/\/www.europesays.com\/pt\/wp-json\/wp\/v2\/media\/153033"}],"wp:attachment":[{"href":"https:\/\/www.europesays.com\/pt\/wp-json\/wp\/v2\/media?parent=153032"}],"wp:term":[{"taxonomy":"category","embeddable":true,"href":"https:\/\/www.europesays.com\/pt\/wp-json\/wp\/v2\/categories?post=153032"},{"taxonomy":"post_tag","embeddable":true,"href":"https:\/\/www.europesays.com\/pt\/wp-json\/wp\/v2\/tags?post=153032"}],"curies":[{"name":"wp","href":"https:\/\/api.w.org\/{rel}","templated":true}]}}