{"id":153034,"date":"2025-11-15T18:47:21","date_gmt":"2025-11-15T18:47:21","guid":{"rendered":"https:\/\/www.europesays.com\/pt\/153034\/"},"modified":"2025-11-15T18:47:21","modified_gmt":"2025-11-15T18:47:21","slug":"papa-leao-ao-mundo-do-cinema-a-beleza-nao-e-apenas-evasao-mas-acima-de-tudo-invocacao","status":"publish","type":"post","link":"https:\/\/www.europesays.com\/pt\/153034\/","title":{"rendered":"Papa Le\u00e3o ao mundo do cinema: a beleza n\u00e3o \u00e9 apenas evas\u00e3o, mas acima de tudo invoca\u00e7\u00e3o"},"content":{"rendered":"<p>\u201cA beleza n\u00e3o \u00e9 apenas evas\u00e3o, mas acima de tudo invoca\u00e7\u00e3o. O cinema, quando \u00e9 aut\u00eantico, n\u00e3o apenas consola: interpela. Chama pelo nome as perguntas que habitam em n\u00f3s e, \u00e0s vezes, at\u00e9 as l\u00e1grimas que n\u00e3o sab\u00edamos que precis\u00e1vamos expressar\u201d.Palavras do Papa Le\u00e3o XIV aos representantes do mundo do cinema na manh\u00e3 deste s\u00e1bado (15) no Vaticano.&#13;\n<\/p>\n<p><b>Jane Nogara\u00a0 &#8211; Cidade do Vaticano<\/b><\/p>\n<p>Em audi\u00eancia dedicada ao mundo do cinema, o Papa Le\u00e3o XIV recebeu no Pal\u00e1cio Apost\u00f3lico, um grupo de representantes da arte cinematogr\u00e1fica neste s\u00e1bado, 15 de novembro. Apesar dos seus 130 anos, disse o Papa em seu <a href=\"https:\/\/www.vatican.va\/content\/leo-xiv\/it\/speeches\/2025\/november\/documents\/20251115-mondo-del-cinema.html\" rel=\"external nofollow noopener\" target=\"_blank\">discurso,<\/a> \u201co cinema \u00e9 uma arte jovem, sonhadora e um pouco inquieta\u201d, que inicialmente parecia um jogo de luzes e sombras, para divertir e impressionar. \u201cMas logo esses efeitos visuais souberam manifestar realidades muito mais profundas, at\u00e9 se tornarem express\u00e3o da vontade de contemplar e compreender a vida, de contar sua grandeza e fragilidade, de interpretar sua nostalgia do infinito\u201d, completou Le\u00e3o.<\/p>\n<p>Colocar a esperan\u00e7a em movimento<br \/>\n\u00a0 <\/p>\n<p>\u201cUma das contribui\u00e7\u00f5es mais valiosas do cinema\u201d, continuou o Pont\u00edfice, \u201c\u00e9 precisamente ajudar o espectador a voltar a si mesmo, a olhar com novos olhos para a complexidade da sua pr\u00f3pria experi\u00eancia, a rever o mundo como se fosse a primeira vez e a redescobrir, nesse exerc\u00edcio, uma parte daquela esperan\u00e7a sem a qual a nossa exist\u00eancia n\u00e3o \u00e9 plena\u201d. Me conforta, disse ainda, \u201cpensar que o cinema n\u00e3o \u00e9 apenas imagens em movimento: \u00e9 colocar a esperan\u00e7a em movimento!\u201d.<\/p>\n<p>     <a href=\"https:\/\/www.vaticannews.va\/pt\/vaticano\/news\/2025-11\/papas-cinema-encontros-discorsos-filmes.html\" title=\"Os Papas e o cinema, beleza que salva\" rel=\"nofollow noopener\" target=\"_blank\"><\/p>\n<p>        <img decoding=\"async\" src=\"data:image\/gif;base64,R0lGODlhAQABAIAAAAAAAP\/\/\/yH5BAEAAAAALAAAAAABAAEAAAIBRAA7\" data-original=\"https:\/\/www.vaticannews.va\/content\/dam\/vaticannews\/agenzie\/images\/srv\/2023\/02\/24\/2023-02-24-proiezione-del-film-freedom-on-fire\/1677257169196.JPG\/_jcr_content\/renditions\/cq5dam.thumbnail.cropped.500.281.jpeg\" alt=\"Os Papas e o cinema, beleza que salva\"\/><\/p>\n<p>      <\/a><\/p>\n<p>\n      Por ocasi\u00e3o do encontro de Le\u00e3o XIV com uma delega\u00e7\u00e3o de artistas do mundo do cinema, algumas reflex\u00f5es dos Papas sobre a &#8220;s\u00e9tima arte&#8221;. Para os Pont\u00edfices, ela pode gerar &#8230;\n     <\/p>\n<p>At\u00e9 a dor pode encontrar um sentido<br \/>\n\u00a0 <\/p>\n<p>Entrar em uma sala de cinema, continuou, \u00e9 como atravessar um limiar. \u201cNa escurid\u00e3o e no sil\u00eancio\u201d, disse o Papa, \u201cos olhos voltam a ficar atentos, o cora\u00e7\u00e3o se abre, a mente se abre para o que ainda n\u00e3o havia imaginado\u201d. Confirmando que embora o fluxo de informa\u00e7\u00f5es que hoje recebemos seja constante com telas sempre acesas, o cinema \u00e9 muito mais do que uma simples tela: \u201c\u00c9 um cruzamento de desejos, mem\u00f3rias e questionamentos. \u00c9 uma busca sens\u00edvel onde a luz perfura a escurid\u00e3o e a palavra encontra o sil\u00eancio. Na trama que se desenrola, o olhar se educa, a imagina\u00e7\u00e3o se expande e at\u00e9 mesmo a dor pode encontrar um sentido\u201d.<\/p>\n<p>Nem tudo precisa ser imediato ou previs\u00edvel<br \/>\n\u00a0 <\/p>\n<p>Continuando sobre o tema das salas de cinema e a preocupante eros\u00e3o que as est\u00e1 afastando das cidades e bairros, Le\u00e3o XIV convidou os presentes a uma reflex\u00e3o: \u201cA l\u00f3gica do algoritmo tende a repetir o que \u2018funciona\u2019, mas a arte abre caminho para o que \u00e9 poss\u00edvel. Nem tudo precisa ser imediato ou previs\u00edvel: defendam a lentid\u00e3o quando necess\u00e1rio, o sil\u00eancio quando fala, a diferen\u00e7a quando provoca. A beleza n\u00e3o \u00e9 apenas evas\u00e3o, mas acima de tudo invoca\u00e7\u00e3o. O cinema, quando \u00e9 aut\u00eantico, n\u00e3o apenas consola: interpela. Chama pelo nome as perguntas que habitam em n\u00f3s e, \u00e0s vezes, at\u00e9 as l\u00e1grimas que n\u00e3o sab\u00edamos que precis\u00e1vamos expressar\u201d.<\/p>\n<p>\n   O encontro de Le\u00e3o XIV com representantes do Mundo do Cinema\n  <\/p>\n<p>Reconhecer a esperan\u00e7a nas trag\u00e9dias<br \/>\n\u00a0 <\/p>\n<p>No ano do Jubileu, disse o Papa aos presentes. \u201cvoc\u00eas est\u00e3o a caminho como peregrinos da imagina\u00e7\u00e3o, buscadores de sentido, narradores de esperan\u00e7a, mensageiros da humanidade\u201d. Reconhecendo ainda que \u201c\u00e9 uma peregrina\u00e7\u00e3o no mist\u00e9rio da experi\u00eancia humana que voc\u00eas atravessam com um olhar penetrante, capaz de reconhecer a beleza mesmo nas pregas da dor, a esperan\u00e7a nas trag\u00e9dias da viol\u00eancia e das guerras\u201d.<\/p>\n<p>Igreja e o cinema<br \/>\n\u00a0 <\/p>\n<p>Recordando o di\u00e1logo nunca interrompido da Igreja com o mundo do cinema, Le\u00e3o disse: \u201cA Igreja olha com estima para voc\u00eas que trabalham com a luz e com o tempo, com o rosto e com a paisagem, com a palavra e com o sil\u00eancio\u201d.\u00a0Acrescentando em seguida,\u00a0\u201cdesejo renovar essa amizade, porque o cinema \u00e9 um laborat\u00f3rio de esperan\u00e7a, um lugar onde o homem pode voltar a olhar para si mesmo e para o seu destino\u201d.<\/p>\n<p>Testemunhas de esperan\u00e7a, beleza e verdade<br \/>\n\u00a0 <\/p>\n<p>Reiterando a import\u00e2ncia do mundo do cinema na sociedade de hoje o Papa Le\u00e3o disse: \u201cNossa \u00e9poca precisa de testemunhas de esperan\u00e7a, beleza e verdade: voc\u00eas, com seu trabalho art\u00edstico, podem ser essas testemunhas. Recuperar a autenticidade da imagem para salvaguardar e promover a dignidade humana est\u00e1 ao alcance do bom cinema e de quem o faz e o protagoniza. N\u00e3o tenham medo do confronto com as feridas do mundo\u201d. Concluindo seu pensamento acrescentou: \u201cDar voz aos sentimentos complexos, contradit\u00f3rios e, por vezes, obscuros que habitam o cora\u00e7\u00e3o do ser humano \u00e9 um ato de amor. A arte n\u00e3o deve fugir do mist\u00e9rio da fragilidade: deve ouvi-lo, deve saber parar diante dele. O cinema, sem ser did\u00e1tico, tem em si, nas suas formas autenticamente art\u00edsticas, a possibilidade de educar o olhar\u201d.<\/p>\n<p>     <a href=\"https:\/\/www.vaticannews.va\/pt\/vaticano\/news\/2025-11\/papa-leao-xiv-audiencia-cinema-entrevista-roberto-ando-diretor.html\" title=\"Roberto And\u00f2 sobre audi\u00eancia de Le\u00e3o XIV com os cineastas: os filmes retratam a sociedade\" rel=\"nofollow noopener\" target=\"_blank\"><\/p>\n<p>        <img decoding=\"async\" src=\"data:image\/gif;base64,R0lGODlhAQABAIAAAAAAAP\/\/\/yH5BAEAAAAALAAAAAABAAEAAAIBRAA7\" data-original=\"https:\/\/www.vaticannews.va\/content\/dam\/vaticannews\/multimedia\/2025\/novembre\/13\/shutterstock_1211380009.jpg\/_jcr_content\/renditions\/cq5dam.thumbnail.cropped.500.281.jpeg\" alt=\"Roberto And\u00f2 sobre audi\u00eancia de Le\u00e3o XIV com os cineastas: os filmes retratam a sociedade\"\/><\/p>\n<p>      <\/a><\/p>\n<p>\n      O diretor, que estar\u00e1 presente este s\u00e1bado no encontro do Pont\u00edfice com os artistas do mundo do Cinema, fala sobre a expectativa por esse momento de interc\u00e2mbio e reflete sobre o &#8230;\n     <\/p>\n<p>Que o cinema nunca perca a capacidade de surpreender<br \/>\n\u00a0 <\/p>\n<p>Ao concluir o encontro o Papa Le\u00e3o recordou a dedica\u00e7\u00e3o silenciosa de centenas de outros profissionais do cinema, sem os quais uma obra seria imposs\u00edvel, afirmando, \u201ccada voz, cada gesto, cada compet\u00eancia contribui para uma obra que s\u00f3 pode existir como um todo\u201d. Concluindo: \u201cQue o cinema continue sempre sendo um lugar de encontro, um lar para quem busca sentido, uma linguagem de paz. Que nunca perca a capacidade de surpreender, continuando a nos mostrar, mesmo que seja apenas um fragmento, do mist\u00e9rio de Deus\u201d.<\/p>\n","protected":false},"excerpt":{"rendered":"\u201cA beleza n\u00e3o \u00e9 apenas evas\u00e3o, mas acima de tudo invoca\u00e7\u00e3o. O cinema, quando \u00e9 aut\u00eantico, n\u00e3o apenas&hellip;\n","protected":false},"author":2,"featured_media":153035,"comment_status":"","ping_status":"","sticky":false,"template":"","format":"standard","meta":{"footnotes":""},"categories":[85],"tags":[805,470,114,115,811,32,33],"class_list":{"0":"post-153034","1":"post","2":"type-post","3":"status-publish","4":"format-standard","5":"has-post-thumbnail","7":"category-entretenimento","8":"tag-audiencias","9":"tag-cinema","10":"tag-entertainment","11":"tag-entretenimento","12":"tag-papa-leao-xiv","13":"tag-portugal","14":"tag-pt"},"share_on_mastodon":{"url":"https:\/\/pubeurope.com\/@pt\/115555207975853411","error":""},"_links":{"self":[{"href":"https:\/\/www.europesays.com\/pt\/wp-json\/wp\/v2\/posts\/153034","targetHints":{"allow":["GET"]}}],"collection":[{"href":"https:\/\/www.europesays.com\/pt\/wp-json\/wp\/v2\/posts"}],"about":[{"href":"https:\/\/www.europesays.com\/pt\/wp-json\/wp\/v2\/types\/post"}],"author":[{"embeddable":true,"href":"https:\/\/www.europesays.com\/pt\/wp-json\/wp\/v2\/users\/2"}],"replies":[{"embeddable":true,"href":"https:\/\/www.europesays.com\/pt\/wp-json\/wp\/v2\/comments?post=153034"}],"version-history":[{"count":0,"href":"https:\/\/www.europesays.com\/pt\/wp-json\/wp\/v2\/posts\/153034\/revisions"}],"wp:featuredmedia":[{"embeddable":true,"href":"https:\/\/www.europesays.com\/pt\/wp-json\/wp\/v2\/media\/153035"}],"wp:attachment":[{"href":"https:\/\/www.europesays.com\/pt\/wp-json\/wp\/v2\/media?parent=153034"}],"wp:term":[{"taxonomy":"category","embeddable":true,"href":"https:\/\/www.europesays.com\/pt\/wp-json\/wp\/v2\/categories?post=153034"},{"taxonomy":"post_tag","embeddable":true,"href":"https:\/\/www.europesays.com\/pt\/wp-json\/wp\/v2\/tags?post=153034"}],"curies":[{"name":"wp","href":"https:\/\/api.w.org\/{rel}","templated":true}]}}