{"id":153038,"date":"2025-11-15T18:53:17","date_gmt":"2025-11-15T18:53:17","guid":{"rendered":"https:\/\/www.europesays.com\/pt\/153038\/"},"modified":"2025-11-15T18:53:17","modified_gmt":"2025-11-15T18:53:17","slug":"kim-kardashian-e-britney-spears-posam-juntas-na-mesma-cama-veja-fotos","status":"publish","type":"post","link":"https:\/\/www.europesays.com\/pt\/153038\/","title":{"rendered":"Kim Kardashian e Britney Spears posam juntas na mesma cama; veja fotos"},"content":{"rendered":"\n<p class=\" content-text__container theme-color-primary-first-letter\" data-track-category=\"Link no Texto\" data-track-links=\"\"> As irm\u00e3s <a class=\"\" href=\"https:\/\/oglobo.globo.com\/tudo-sobre\/personalidade\/kim-kardashian\/\" rel=\"nofollow noopener\" target=\"_blank\">Kim Kardashian<\/a> e <a class=\"\" href=\"https:\/\/oglobo.globo.com\/tudo-sobre\/personalidade\/khloe-kardashian\" rel=\"nofollow noopener\" target=\"_blank\">Khloe Kardashian<\/a> posaram com <a class=\"\" href=\"https:\/\/oglobo.globo.com\/tudo-sobre\/personalidade\/britney-spears\" rel=\"nofollow noopener\" target=\"_blank\">Britney Spears<\/a> e Cade Hudson, amigo e empres\u00e1rio da cantora, em registros \u00edntimos numa cama, neste s\u00e1bado (15). &#8220;Calabasas nights&#8221; (Noites de Calabasas), publicou Kim no Story do Instagram. <\/p>\n<ul class=\"content-unordered-list\">\n<li><strong>&#8216;Trememb\u00e9&#8217;:<\/strong> <a class=\"\" href=\"https:\/\/oglobo.globo.com\/cultura\/noticia\/2025\/11\/15\/cristian-cravinhos-e-luka-em-tremembe-atores-se-reencontram-e-rebatem-criticas-a-serie.ghtml\" rel=\"nofollow noopener\" target=\"_blank\">Cristian Cravinhos e Luka na fic\u00e7\u00e3o, atores se reencontram e rebatem cr\u00edticas \u00e0 s\u00e9rie<\/a><\/li>\n<li><strong>Hitler virgem?<\/strong> <a class=\"\" href=\"https:\/\/oglobo.globo.com\/mundo\/epoca\/noticia\/2025\/11\/15\/hitler-virgem-arquivos-secretos-da-cia-revela-vida-sexual-e-genetica-do-ditador.ghtml\" rel=\"nofollow noopener\" target=\"_blank\">Arquivos secretos da CIA revelam vida sexual e gen\u00e9tica do ditador<\/a><\/li>\n<\/ul>\n<p>      <img decoding=\"async\" class=\"content-media__image\"  src=\"https:\/\/www.europesays.com\/pt\/wp-content\/uploads\/2025\/11\/captura-de-tela-2025-11-15-as-08.14.00.png\" alt=\"Kim Kardashian, Britney Spears, Cade Hudson e Khloe Kardashian \u2014 Foto: Reprodu\u00e7\u00e3o\/Instagram\" width=\"774\" height=\"1036\" loading=\"lazy\"\/>  Kim Kardashian, Britney Spears, Cade Hudson e Khloe Kardashian \u2014 Foto: Reprodu\u00e7\u00e3o\/Instagram        <\/p>\n<p class=\" content-text__container \" data-track-category=\"Link no Texto\" data-track-links=\"\"> Nos cliques, Khloe veste o que parece ser um conjunto de pijama, e tanto ela quanto a irm\u00e3 e Britney fazem caretas divertidas, mostrando que estavam totalmente \u00e0 vontade umas com as outras, num momento de descontra\u00e7\u00e3o e intimidade. <\/p>\n<p>      <img decoding=\"async\" class=\"content-media__image\"  src=\"https:\/\/www.europesays.com\/pt\/wp-content\/uploads\/2025\/11\/captura-de-tela-2025-11-15-as-08.09.11.png\" alt=\"Kim Kardashian, Britney Spears, Cade Hudson e Khloe Kardashian \u2014 Foto: Reprodu\u00e7\u00e3o\/Instagram\" width=\"770\" height=\"1120\" loading=\"lazy\"\/>  Kim Kardashian, Britney Spears, Cade Hudson e Khloe Kardashian \u2014 Foto: Reprodu\u00e7\u00e3o\/Instagram       <\/p>\n<p class=\" content-text__container \" data-track-category=\"Link no Texto\" data-track-links=\"\"> Afastada das redes h\u00e1 alguns meses, Britney reapareceu na \u00faltima semana, em uma publica\u00e7\u00e3o que falava sobre limites e autocuidado. Segundo relatos, a estrela est\u00e1 passando por momentos de maior instabilidade emocional, e por isso a necessidade de viver mais reclusa. <\/p>\n<p class=\" content-text__container \" data-track-category=\"Link no Texto\" data-track-links=\"\"> &#8220;Fiquei presa no M\u00e9xico por duas semanas e fiquei batendo a cabe\u00e7a na parede \ud83d\ude02\ud83d\ude02\ud83d\ude02\ud83d\ude02\ud83d\ude02\ud83d\ude02. \u00c9 bem interessante ver o que uma pessoa faz em situa\u00e7\u00f5es vulner\u00e1veis\u2026 Obviamente, eu n\u00e3o confiava em ningu\u00e9m e me divertia como uma completa idiota\u2026 \u00c9 realmente insano!!! Acho que foi a primeira vez em anos que, por causa da minha completa insanidade, disse meu nome&#8221;, publicou a cantora h\u00e1 poucos dias com um v\u00eddeo em que canta e dan\u00e7a. <\/p>\n<p class=\" content-text__container \" data-track-category=\"Link no Texto\" data-track-links=\"\"> Na \u00faltima semana, Kim Kardashian esteve no Rio de Janeiro para a divulga\u00e7\u00e3o da s\u00e9rie &#8220;Tudo \u00e9 justo&#8221; (Hulu e Disney+). Com Niecy Nash, Sarah Paulson e Naomi Watts, ela falou \u00e0 ELA. <strong>Veja abaixo:<\/strong> <\/p>\n","protected":false},"excerpt":{"rendered":"As irm\u00e3s Kim Kardashian e Khloe Kardashian posaram com Britney Spears e Cade Hudson, amigo e empres\u00e1rio da&hellip;\n","protected":false},"author":2,"featured_media":153039,"comment_status":"","ping_status":"","sticky":false,"template":"","format":"standard","meta":{"footnotes":""},"categories":[145],"tags":[3599,211,210,114,115,319,31014,5051,32,33,318],"class_list":{"0":"post-153038","1":"post","2":"type-post","3":"status-publish","4":"format-standard","5":"has-post-thumbnail","7":"category-celebridades","8":"tag-britney-spears","9":"tag-celebridades","10":"tag-celebrities","11":"tag-entertainment","12":"tag-entretenimento","13":"tag-hard-news","14":"tag-khloe-kardashian","15":"tag-kim-kardashian","16":"tag-portugal","17":"tag-pt","18":"tag-radar"},"share_on_mastodon":{"url":"https:\/\/pubeurope.com\/@pt\/115555231841642127","error":""},"_links":{"self":[{"href":"https:\/\/www.europesays.com\/pt\/wp-json\/wp\/v2\/posts\/153038","targetHints":{"allow":["GET"]}}],"collection":[{"href":"https:\/\/www.europesays.com\/pt\/wp-json\/wp\/v2\/posts"}],"about":[{"href":"https:\/\/www.europesays.com\/pt\/wp-json\/wp\/v2\/types\/post"}],"author":[{"embeddable":true,"href":"https:\/\/www.europesays.com\/pt\/wp-json\/wp\/v2\/users\/2"}],"replies":[{"embeddable":true,"href":"https:\/\/www.europesays.com\/pt\/wp-json\/wp\/v2\/comments?post=153038"}],"version-history":[{"count":0,"href":"https:\/\/www.europesays.com\/pt\/wp-json\/wp\/v2\/posts\/153038\/revisions"}],"wp:featuredmedia":[{"embeddable":true,"href":"https:\/\/www.europesays.com\/pt\/wp-json\/wp\/v2\/media\/153039"}],"wp:attachment":[{"href":"https:\/\/www.europesays.com\/pt\/wp-json\/wp\/v2\/media?parent=153038"}],"wp:term":[{"taxonomy":"category","embeddable":true,"href":"https:\/\/www.europesays.com\/pt\/wp-json\/wp\/v2\/categories?post=153038"},{"taxonomy":"post_tag","embeddable":true,"href":"https:\/\/www.europesays.com\/pt\/wp-json\/wp\/v2\/tags?post=153038"}],"curies":[{"name":"wp","href":"https:\/\/api.w.org\/{rel}","templated":true}]}}