{"id":153042,"date":"2025-11-15T18:58:09","date_gmt":"2025-11-15T18:58:09","guid":{"rendered":"https:\/\/www.europesays.com\/pt\/153042\/"},"modified":"2025-11-15T18:58:09","modified_gmt":"2025-11-15T18:58:09","slug":"filme-de-animacao-passa-hoje-na-biblioteca-municipal","status":"publish","type":"post","link":"https:\/\/www.europesays.com\/pt\/153042\/","title":{"rendered":"filme de anima\u00e7\u00e3o passa hoje na Biblioteca Municipal"},"content":{"rendered":"<p>No \u00e2mbito da programa\u00e7\u00e3o do <a href=\"https:\/\/web.facebook.com\/cineclube.gardunha2022?__cft__%5B0%5D=AZUV5wpp204S-0Evpy5r5YYDZbscoV4atptlWY5b5zBg2LWC-4HNJdRtH_fbXuL1bDfeS9IifdR1MO8qDF2iSmu8-J1B9rw4POAp6C2QPJ0R4MkiMMmEKx5Uyh1Cj2FxVf-qQ48ZxcgP2s9YHnUq7dLa1ppcXLpwvHFGq0EXlO2bsuCatdACGjY93aTTOH67mxg&amp;__tn__=-%5DK-R\" rel=\"nofollow noopener\" target=\"_blank\">Cineclube Gardunha<\/a> e inserido na r\u00fabrica Cineclube J\u00fanior, ter\u00e1 lugar este s\u00e1bado, dia 15 de novembro, \u00e0s 15h00, na <a href=\"https:\/\/web.facebook.com\/bibliotecamunicipaleugeniodeandrade?__cft__%5B0%5D=AZUV5wpp204S-0Evpy5r5YYDZbscoV4atptlWY5b5zBg2LWC-4HNJdRtH_fbXuL1bDfeS9IifdR1MO8qDF2iSmu8-J1B9rw4POAp6C2QPJ0R4MkiMMmEKx5Uyh1Cj2FxVf-qQ48ZxcgP2s9YHnUq7dLa1ppcXLpwvHFGq0EXlO2bsuCatdACGjY93aTTOH67mxg&amp;__tn__=-%5DK-R\" rel=\"nofollow noopener\" target=\"_blank\">Biblioteca Municipal Eug\u00e9nio de Andrade<\/a> , com a exibi\u00e7\u00e3o de \u201cA Minha Vida de Courgette\u201d, um filme de anima\u00e7\u00e3o inspirado na obra do escritor franc\u00eas Gilles Paris, \u201cAutobiographie d\u2019Une Courgette\u201d, e realizado pelo su\u00ed\u00e7o Clude Barras. \u201cUm menino chamado \u00cdcaro, mais conhecido pela sua alcunha de Courgette, vai para um orfanato depois da tr\u00e1gica morte da m\u00e3e. Com a ajuda do pol\u00edcia Louren\u00e7o e dos seus amigos Camila e Sim\u00e3o, ir\u00e1 descobrir uma nova luz que o ajudar\u00e1 a esquecer as trag\u00e9dias\u201d.<\/p>\n","protected":false},"excerpt":{"rendered":"No \u00e2mbito da programa\u00e7\u00e3o do Cineclube Gardunha e inserido na r\u00fabrica Cineclube J\u00fanior, ter\u00e1 lugar este s\u00e1bado, dia&hellip;\n","protected":false},"author":2,"featured_media":153043,"comment_status":"","ping_status":"","sticky":false,"template":"","format":"standard","meta":{"footnotes":""},"categories":[140],"tags":[114,115,147,148,146,32,33],"class_list":{"0":"post-153042","1":"post","2":"type-post","3":"status-publish","4":"format-standard","5":"has-post-thumbnail","7":"category-filmes","8":"tag-entertainment","9":"tag-entretenimento","10":"tag-film","11":"tag-filmes","12":"tag-movies","13":"tag-portugal","14":"tag-pt"},"share_on_mastodon":{"url":"https:\/\/pubeurope.com\/@pt\/115555251372603875","error":""},"_links":{"self":[{"href":"https:\/\/www.europesays.com\/pt\/wp-json\/wp\/v2\/posts\/153042","targetHints":{"allow":["GET"]}}],"collection":[{"href":"https:\/\/www.europesays.com\/pt\/wp-json\/wp\/v2\/posts"}],"about":[{"href":"https:\/\/www.europesays.com\/pt\/wp-json\/wp\/v2\/types\/post"}],"author":[{"embeddable":true,"href":"https:\/\/www.europesays.com\/pt\/wp-json\/wp\/v2\/users\/2"}],"replies":[{"embeddable":true,"href":"https:\/\/www.europesays.com\/pt\/wp-json\/wp\/v2\/comments?post=153042"}],"version-history":[{"count":0,"href":"https:\/\/www.europesays.com\/pt\/wp-json\/wp\/v2\/posts\/153042\/revisions"}],"wp:featuredmedia":[{"embeddable":true,"href":"https:\/\/www.europesays.com\/pt\/wp-json\/wp\/v2\/media\/153043"}],"wp:attachment":[{"href":"https:\/\/www.europesays.com\/pt\/wp-json\/wp\/v2\/media?parent=153042"}],"wp:term":[{"taxonomy":"category","embeddable":true,"href":"https:\/\/www.europesays.com\/pt\/wp-json\/wp\/v2\/categories?post=153042"},{"taxonomy":"post_tag","embeddable":true,"href":"https:\/\/www.europesays.com\/pt\/wp-json\/wp\/v2\/tags?post=153042"}],"curies":[{"name":"wp","href":"https:\/\/api.w.org\/{rel}","templated":true}]}}