{"id":153044,"date":"2025-11-15T18:59:09","date_gmt":"2025-11-15T18:59:09","guid":{"rendered":"https:\/\/www.europesays.com\/pt\/153044\/"},"modified":"2025-11-15T18:59:09","modified_gmt":"2025-11-15T18:59:09","slug":"benfica-esmagador-num-classico-centenario-a-bola","status":"publish","type":"post","link":"https:\/\/www.europesays.com\/pt\/153044\/","title":{"rendered":"Benfica esmagador num cl\u00e1ssico centen\u00e1rio : A Bola"},"content":{"rendered":"<p>Arrasadora! Foi assim a vit\u00f3ria do Benfica sobre o <a target=\"_blank\" class=\"editor-link autolink-enabled\" href=\"https:\/\/www.abola.pt\/basquetebol\/fc-porto-6hxfXrzhxvQvFC1Csx6JbB\" data-resource-id=\"dc70617b-75db-45a2-9747-794d306e398d\" data-resource-type=\"team\" data-sport=\"basketball\" rel=\"nofollow noopener\">FC Porto<\/a> por 109-80 (32-19, 36-13, 25-22, 16-26) na partida que mais expectativa causava na jornada e abriu a 6.\u00aa ronda da Liga Betclic.<\/p>\n<p>Desfecho que acaba por manter os tetracampe\u00f5es como a \u00fanica equipa invicta. Uma sequ\u00eancia de vit\u00f3rias na prova que, contando com o\u00a0play-off\u00a0final de 2024\/25, tamb\u00e9m contra o FC Porto, atinge os sete triunfos, depois dos lisboetas terem ganho o Jogo 4. Apenas somando os encontros da fase regular da \u00e9poca passada, s\u00e3o j\u00e1 13 as vit\u00f3rias seguidas da forma\u00e7\u00e3o liderada por Norberto Alves.<\/p>\n<p>Note-se que \u00e1guias n\u00e3o perdem em casa para as competi\u00e7\u00f5es nacionais h\u00e1 mais de dois anos. A \u00faltima equipa a vencer \u00e0 Luz foi a Oliveirense. A 11 de outubro de 2023 para a Liga (73-74) e dois dias mais tarde a contar para a Ta\u00e7a Hugo dos Santos (71-78).<\/p>\n<p>Esta foi ainda a terceira ocasi\u00e3o no campeonato, mas primeira em casa, que as \u00e1guias levaram a melhor face ao seu advers\u00e1rio com um centen\u00e1rio. Antes acontecera contra o Sporting (66-103, 2.\u00aa jor.) e Queluz (80-101, 5.\u00aa, jor.).<\/p>\n","protected":false},"excerpt":{"rendered":"Arrasadora! Foi assim a vit\u00f3ria do Benfica sobre o FC Porto por 109-80 (32-19, 36-13, 25-22, 16-26) na&hellip;\n","protected":false},"author":2,"featured_media":153045,"comment_status":"","ping_status":"","sticky":false,"template":"","format":"standard","meta":{"footnotes":""},"categories":[87],"tags":[135,32,33,134],"class_list":{"0":"post-153044","1":"post","2":"type-post","3":"status-publish","4":"format-standard","5":"has-post-thumbnail","7":"category-desporto","8":"tag-desporto","9":"tag-portugal","10":"tag-pt","11":"tag-sports"},"share_on_mastodon":{"url":"https:\/\/pubeurope.com\/@pt\/115555255058356288","error":""},"_links":{"self":[{"href":"https:\/\/www.europesays.com\/pt\/wp-json\/wp\/v2\/posts\/153044","targetHints":{"allow":["GET"]}}],"collection":[{"href":"https:\/\/www.europesays.com\/pt\/wp-json\/wp\/v2\/posts"}],"about":[{"href":"https:\/\/www.europesays.com\/pt\/wp-json\/wp\/v2\/types\/post"}],"author":[{"embeddable":true,"href":"https:\/\/www.europesays.com\/pt\/wp-json\/wp\/v2\/users\/2"}],"replies":[{"embeddable":true,"href":"https:\/\/www.europesays.com\/pt\/wp-json\/wp\/v2\/comments?post=153044"}],"version-history":[{"count":0,"href":"https:\/\/www.europesays.com\/pt\/wp-json\/wp\/v2\/posts\/153044\/revisions"}],"wp:featuredmedia":[{"embeddable":true,"href":"https:\/\/www.europesays.com\/pt\/wp-json\/wp\/v2\/media\/153045"}],"wp:attachment":[{"href":"https:\/\/www.europesays.com\/pt\/wp-json\/wp\/v2\/media?parent=153044"}],"wp:term":[{"taxonomy":"category","embeddable":true,"href":"https:\/\/www.europesays.com\/pt\/wp-json\/wp\/v2\/categories?post=153044"},{"taxonomy":"post_tag","embeddable":true,"href":"https:\/\/www.europesays.com\/pt\/wp-json\/wp\/v2\/tags?post=153044"}],"curies":[{"name":"wp","href":"https:\/\/api.w.org\/{rel}","templated":true}]}}