{"id":153046,"date":"2025-11-15T19:07:27","date_gmt":"2025-11-15T19:07:27","guid":{"rendered":"https:\/\/www.europesays.com\/pt\/153046\/"},"modified":"2025-11-15T19:07:27","modified_gmt":"2025-11-15T19:07:27","slug":"presidente-do-sporting-pede-a-arbitros-que-escrevam-tudo-critica-villas-boas-futebol-nacional","status":"publish","type":"post","link":"https:\/\/www.europesays.com\/pt\/153046\/","title":{"rendered":"Presidente do Sporting pede a \u00e1rbitros que \u201cescrevam tudo\u201d critica Villas-Boas | Futebol nacional"},"content":{"rendered":"<p>O presidente do Sporting, Frederico Varandas, criticou na sexta-feira o FC Porto e Andr\u00e9 Villas-Boas, por alegada coac\u00e7\u00e3o a F\u00e1bio Ver\u00edssimo, no jogo da I Liga de futebol frente ao Sporting de Braga, apelando aos \u00e1rbitros que \u201cescrevam tudo\u201d.<\/p>\n<p>Na 43.\u00aa Gala dos Rugidos do Le\u00e3o, realizada na Ortigosa, no concelho de Leiria, perante cerca de 1500 sportinguistas, Varandas considerou \u201cmau demais, baixo demais\u201d o epis\u00f3dio em que o \u00e1rbitro se deparou no balne\u00e1rio com um televisor a passar repetidamente, sem que pudesse ser desligado, lances do primeiro tempo do jogo entre portistas e bracarenses, h\u00e1 duas semanas.<\/p>\n<p>Em causa est\u00e1 uma alegada forma de press\u00e3o <a href=\"https:\/\/www.publico.pt\/2025\/11\/03\/desporto\/noticia\/arbitro-acusa-fc-porto-tentativa-intimidacao-intervalo-frente-sp-braga-2153256\" rel=\"nofollow noopener\" target=\"_blank\">descrita no relat\u00f3rio do \u00e1rbitro<\/a> da partida entre FC Porto e Sporting de Braga, ao juiz da Associa\u00e7\u00e3o de Futebol de Leiria, durante o intervalo do encontro da 10.\u00aa jornada da I Liga, que terminou com vit\u00f3ria dos &#8220;drag\u00f5es&#8221; (2-1), no dia 2 de Novembro.<\/p>\n<p>        &#13;<\/p>\n<p>&#13;<br \/>\n                &#13;\n            <\/p>\n<p>&#13;<\/p>\n<p>\u201cAndr\u00e9 Villas-Boas, no lan\u00e7amento da sua campanha [\u00e0 presid\u00eancia do FC Porto], disse que era tempo de &#8216;construirmos um futuro ganhador com os princ\u00edpios de \u00e9tica e transpar\u00eancia&#8217;. Dizia-se que vinha a\u00ed uma lufada de ar fresco. Hoje, infelizmente, posso dizer que n\u00e3o, n\u00e3o \u00e9 uma lufada de ar fresco. \u00c9 bafio e hipocrisia, do pior que o futebol portugu\u00eas infelizmente j\u00e1 conheceu\u201d, acusou.<\/p>\n<p>&#8220;Ac\u00e7\u00e3o planeada e premeditada&#8221;<\/p>\n<p>Varandas considera que a alegada press\u00e3o sobre F\u00e1bio Ver\u00edssimo \u201cn\u00e3o \u00e9 um epis\u00f3dio infeliz, no calor de um jogo\u201d: \u201c\u00c9 uma ac\u00e7\u00e3o premeditada, planeada e executada. Com o pormenor de uma televis\u00e3o que n\u00e3o se podia desligar, n\u00e3o se podia mudar de canal, com v\u00eddeos de um torneio de infantis! \u00c9 mau demais, \u00e9 baixo demais!\u201d.<\/p>\n<p>Em Leiria, o l\u00edder &#8216;leonino&#8217; considerou que \u201co problema deste plano\u201d do FC Porto \u00e9 que \u201choje h\u00e1 \u00e1rbitros com coragem, que n\u00e3o se deixam intimidar e que escrevem [relat\u00f3rios]\u201d.<\/p>\n<p>        &#13;<\/p>\n<p>&#13;<br \/>\n                &#13;\n            <\/p>\n<p>&#13;<\/p>\n<p>\u201cQuero apelar a todos os \u00e1rbitros, que escrevam tudo: amea\u00e7as de dirigentes, ofensas de presidentes, v\u00eddeos a passar no balne\u00e1rio\u2026 Escrevam tudo, seja do Benfica, FC Porto ou do Sporting, porque se for do Sporting, eu sou o primeiro a criticar\u201d, afirmou.<\/p>\n<p>Varandas teceu ainda considera\u00e7\u00f5es sobre o eventual desconhecimento do presidente portista, Andr\u00e9 Villas-Boas, do sucedido. \u201cSe, no Sporting, a minha direc\u00e7\u00e3o tivesse planeado e executado o que se passou no balne\u00e1rio do Est\u00e1dio do Drag\u00e3o, eu n\u00e3o tinha a dimens\u00e3o \u00e9tica para presidir a este clube. \u00c9 esta a bitola que coloco a mim mesmo e aos meus \u00f3rg\u00e3os sociais\u201d, atirou.<\/p>\n<p>&#8220;\u00c9 importante n\u00e3o trope\u00e7arem no fio&#8221;<\/p>\n<p>Na festa dos \u2018le\u00f5es\u2019 de Leiria, o dirigente denunciou ainda outras situa\u00e7\u00f5es, como, por exemplo, as preocupa\u00e7\u00f5es do FC Porto com as condi\u00e7\u00f5es do VAR.<\/p>\n<p>        &#13;<\/p>\n<p>&#13;<br \/>\n                &#13;\n            <\/p>\n<p>&#13;<\/p>\n<p>\u201cAs \u00fanicas duas vezes em que vi noticiar que o VAR perdeu a bateria ou desligaram o VAR, n\u00e3o \u00e9 que foi no Est\u00e1dio do Drag\u00e3o? \u00c9 importante ver as torres das c\u00e2maras, mas tamb\u00e9m \u00e9 importante n\u00e3o trope\u00e7arem sem querer no fio\u201d, ironizou.<\/p>\n<p>O l\u00edder dos &#8220;verdes e brancos&#8221; n\u00e3o se conteve nas cr\u00edticas ao rival portista e lamentou ainda o tratamento dado \u00e0 comitiva sportinguista na \u00faltima visita ao Est\u00e1dio do Drag\u00e3o, bem como a entrada tardia de adeptos sportinguistas no recinto portuense, \u201cao contr\u00e1rio dos adeptos do FC Porto, que entram a horas\u201d em Alvalade: &#8220;O Sporting n\u00e3o abdica dos seus valores, mesmo que nos maltratem\u201d.<\/p>\n<p>Para o l\u00edder da SAD, o Sporting \u201cnunca se desviou da integridade e da seriedade\u201d, lembrando o afastamento de Bruno de Carvalho da presid\u00eancia, em 2018.<\/p>\n","protected":false},"excerpt":{"rendered":"O presidente do Sporting, Frederico Varandas, criticou na sexta-feira o FC Porto e Andr\u00e9 Villas-Boas, por alegada coac\u00e7\u00e3o&hellip;\n","protected":false},"author":2,"featured_media":153047,"comment_status":"","ping_status":"","sticky":false,"template":"","format":"standard","meta":{"footnotes":""},"categories":[8],"tags":[27,28,135,15,16,1664,280,14,25,26,21,22,12,13,19,20,32,23,24,33,34,17,18,29,30,31],"class_list":{"0":"post-153046","1":"post","2":"type-post","3":"status-publish","4":"format-standard","5":"has-post-thumbnail","7":"category-principais-noticias","8":"tag-breaking-news","9":"tag-breakingnews","10":"tag-desporto","11":"tag-featured-news","12":"tag-featurednews","13":"tag-frederico-varandas","14":"tag-futebol-nacional","15":"tag-headlines","16":"tag-latest-news","17":"tag-latestnews","18":"tag-main-news","19":"tag-mainnews","20":"tag-news","21":"tag-noticias","22":"tag-noticias-principais","23":"tag-noticiasprincipais","24":"tag-portugal","25":"tag-principais-noticias","26":"tag-principaisnoticias","27":"tag-pt","28":"tag-sporting","29":"tag-top-stories","30":"tag-topstories","31":"tag-ultimas","32":"tag-ultimas-noticias","33":"tag-ultimasnoticias"},"share_on_mastodon":{"url":"https:\/\/pubeurope.com\/@pt\/115555286749407854","error":""},"_links":{"self":[{"href":"https:\/\/www.europesays.com\/pt\/wp-json\/wp\/v2\/posts\/153046","targetHints":{"allow":["GET"]}}],"collection":[{"href":"https:\/\/www.europesays.com\/pt\/wp-json\/wp\/v2\/posts"}],"about":[{"href":"https:\/\/www.europesays.com\/pt\/wp-json\/wp\/v2\/types\/post"}],"author":[{"embeddable":true,"href":"https:\/\/www.europesays.com\/pt\/wp-json\/wp\/v2\/users\/2"}],"replies":[{"embeddable":true,"href":"https:\/\/www.europesays.com\/pt\/wp-json\/wp\/v2\/comments?post=153046"}],"version-history":[{"count":0,"href":"https:\/\/www.europesays.com\/pt\/wp-json\/wp\/v2\/posts\/153046\/revisions"}],"wp:featuredmedia":[{"embeddable":true,"href":"https:\/\/www.europesays.com\/pt\/wp-json\/wp\/v2\/media\/153047"}],"wp:attachment":[{"href":"https:\/\/www.europesays.com\/pt\/wp-json\/wp\/v2\/media?parent=153046"}],"wp:term":[{"taxonomy":"category","embeddable":true,"href":"https:\/\/www.europesays.com\/pt\/wp-json\/wp\/v2\/categories?post=153046"},{"taxonomy":"post_tag","embeddable":true,"href":"https:\/\/www.europesays.com\/pt\/wp-json\/wp\/v2\/tags?post=153046"}],"curies":[{"name":"wp","href":"https:\/\/api.w.org\/{rel}","templated":true}]}}