{"id":153064,"date":"2025-11-15T19:28:18","date_gmt":"2025-11-15T19:28:18","guid":{"rendered":"https:\/\/www.europesays.com\/pt\/153064\/"},"modified":"2025-11-15T19:28:18","modified_gmt":"2025-11-15T19:28:18","slug":"confrontos-no-jogo-particular-entre-angola-e-argentina-causam-70-feridos","status":"publish","type":"post","link":"https:\/\/www.europesays.com\/pt\/153064\/","title":{"rendered":"Confrontos no jogo particular entre Angola e Argentina causam 70 feridos"},"content":{"rendered":"<p>A pol\u00edcia angolana e centenas de adeptos envolveram-se em confrontos esta sexta-feira no exterior do est\u00e1dio 11 de Novembro, antes e durante o jogo <a href=\"https:\/\/maisfutebol.iol.pt\/internacional\/argentina\/video-messi-brilha-e-prestianni-estreia-se-na-vitoria-da-argentina-em-angola\" rel=\"nofollow noopener\" target=\"_blank\">particular entre Angola e Argentina<\/a>, inserido na celebra\u00e7\u00e3o dos 50 anos da independ\u00eancia do pa\u00eds africano.<\/p>\n<p>Enquanto, no interior de est\u00e1dio, o ambiente era de celebra\u00e7\u00e3o entre ritmos musicais, na parte de fora centenas de adeptos e a pol\u00edcia angolana confrontaram-se ap\u00f3s as autoridades policiais impedirem o acesso ao recinto desportivo, por falta de bilhetes, uso de chinelos, pastas, bon\u00e9s e outros materiais diversos.<\/p>\n<p>A medida provocou a f\u00faria dos adeptos, que se insurgiram contra os efetivos da pol\u00edcia angolana, a\u00e7\u00e3o que obrigou ao encerramento de v\u00e1rias portas do est\u00e1dio.<\/p>\n<p>Desta situa\u00e7\u00e3o resultaram 70 feridos, divulgou esta sexta-feira o Instituto de Emerg\u00eancias M\u00e9dicas de Angola.\u00a0<\/p>\n<p>23 foram diagnosticados com traumas ap\u00f3s terem sido pisados na tentativa de entrada for\u00e7ada no est\u00e1dio. J\u00e1 as restantes 47 necessitaram de socorros m\u00e9dicos por manifestarem cefaleia e hipertens\u00e3o.<\/p>\n<p>Muitos adeptos angolanos sentiram-se frustrados e <a href=\"https:\/\/maisfutebol.iol.pt\/angola\/argentina\/angola-argentina-provoca-desconfianca-houve-mafia-na-venda-de-bilhetes\" rel=\"nofollow noopener\" target=\"_blank\">acusaram a federa\u00e7\u00e3o de futebol do pa\u00eds de usar a \u00abm\u00e1fia\u00bb na venda de bilhetes<\/a> para o jogo com a Argentina, al\u00e9m de contestarem tamb\u00e9m os custos associados \u00e0 realiza\u00e7\u00e3o da partida comemorativa da Independ\u00eancia.<\/p>\n<p>A Federa\u00e7\u00e3o Angolana de Futebol (FAF) disponibilizou 48 mil ingressos, mas anunciou o fim das vendas ao terceiro dia, deixando centenas de adeptos sem bilhete.<\/p>\n<p>[Artigo original publicado \u00e0s 23h30]<\/p>\n<p><strong>Milhares de adeptos no exterior do est\u00e1dio 11 de novembro:<\/strong><\/p>\n","protected":false},"excerpt":{"rendered":"A pol\u00edcia angolana e centenas de adeptos envolveram-se em confrontos esta sexta-feira no exterior do est\u00e1dio 11 de&hellip;\n","protected":false},"author":2,"featured_media":153065,"comment_status":"","ping_status":"","sticky":false,"template":"","format":"standard","meta":{"footnotes":""},"categories":[87],"tags":[9231,1063,2424,335,135,82,46,1086,32,33,47,134],"class_list":{"0":"post-153064","1":"post","2":"type-post","3":"status-publish","4":"format-standard","5":"has-post-thumbnail","7":"category-desporto","8":"tag-adeptos","9":"tag-angola","10":"tag-argentina","11":"tag-confrontos","12":"tag-desporto","13":"tag-internacional","14":"tag-maisfutebol","15":"tag-policia","16":"tag-portugal","17":"tag-pt","18":"tag-pura-paixao","19":"tag-sports"},"share_on_mastodon":{"url":"https:\/\/pubeurope.com\/@pt\/115555369196266915","error":""},"_links":{"self":[{"href":"https:\/\/www.europesays.com\/pt\/wp-json\/wp\/v2\/posts\/153064","targetHints":{"allow":["GET"]}}],"collection":[{"href":"https:\/\/www.europesays.com\/pt\/wp-json\/wp\/v2\/posts"}],"about":[{"href":"https:\/\/www.europesays.com\/pt\/wp-json\/wp\/v2\/types\/post"}],"author":[{"embeddable":true,"href":"https:\/\/www.europesays.com\/pt\/wp-json\/wp\/v2\/users\/2"}],"replies":[{"embeddable":true,"href":"https:\/\/www.europesays.com\/pt\/wp-json\/wp\/v2\/comments?post=153064"}],"version-history":[{"count":0,"href":"https:\/\/www.europesays.com\/pt\/wp-json\/wp\/v2\/posts\/153064\/revisions"}],"wp:featuredmedia":[{"embeddable":true,"href":"https:\/\/www.europesays.com\/pt\/wp-json\/wp\/v2\/media\/153065"}],"wp:attachment":[{"href":"https:\/\/www.europesays.com\/pt\/wp-json\/wp\/v2\/media?parent=153064"}],"wp:term":[{"taxonomy":"category","embeddable":true,"href":"https:\/\/www.europesays.com\/pt\/wp-json\/wp\/v2\/categories?post=153064"},{"taxonomy":"post_tag","embeddable":true,"href":"https:\/\/www.europesays.com\/pt\/wp-json\/wp\/v2\/tags?post=153064"}],"curies":[{"name":"wp","href":"https:\/\/api.w.org\/{rel}","templated":true}]}}