{"id":153066,"date":"2025-11-15T19:32:07","date_gmt":"2025-11-15T19:32:07","guid":{"rendered":"https:\/\/www.europesays.com\/pt\/153066\/"},"modified":"2025-11-15T19:32:07","modified_gmt":"2025-11-15T19:32:07","slug":"com-menos-de-30-anos-vai-ter-salario-base-de-400-mil-euros-jovem-portugues-e-o-mais-novo-de-sempre-nesta-posicao","status":"publish","type":"post","link":"https:\/\/www.europesays.com\/pt\/153066\/","title":{"rendered":"Com menos de 30 anos vai ter sal\u00e1rio-base de 400 mil euros: jovem portugu\u00eas \u00e9 o mais novo de sempre nesta posi\u00e7\u00e3o"},"content":{"rendered":"<p><strong>Um jovem portugu\u00eas atingiu um patamar raro no universo da banca de investimento internacional. O feito aconteceu numa das institui\u00e7\u00f5es mais influentes do setor, num processo competitivo que s\u00f3 ocorre de dois em dois anos e que projeta carreiras ao mais alto n\u00edvel.<\/strong><\/p>\n<p class=\"has-medium-font-size\"><strong>Quem \u00e9 o novo managing director<\/strong><\/p>\n<p>Chama-se Paulo Costa, tem 29 anos e foi promovido a managing director no banco americano Goldman Sachs, tornando-se o mais jovem de sempre na hist\u00f3ria do banco. At\u00e9 \u00e0 promo\u00e7\u00e3o, era diretor executivo respons\u00e1vel pela negocia\u00e7\u00e3o de dividendos nas regi\u00f5es da Europa, M\u00e9dio Oriente e \u00c1frica, uma fun\u00e7\u00e3o que exige coordena\u00e7\u00e3o com grandes investidores e precis\u00e3o operacional nos fluxos associados a pagamentos de dividendos.<\/p>\n<p>O trabalho da sua equipa passa por apoiar investidores institucionais, como fundos de cobertura, em estrat\u00e9gias sobre a\u00e7\u00f5es atrav\u00e9s de derivados. Cabe-lhes assegurar que os pagamentos de dividendos s\u00e3o refletidos com exatid\u00e3o no valor e nos fluxos de caixa das transa\u00e7\u00f5es, uma tarefa sens\u00edvel onde erros t\u00eam impacto financeiro relevante.<\/p>\n<p class=\"has-medium-font-size\"><strong>Um percurso personificado<\/strong><\/p>\n<p>Natural do Porto e oriundo de uma fam\u00edlia de m\u00e9dicos, Paulo Costa descreveu a escolha pela alta finan\u00e7a como um \u201cchoque\u201d inicial em casa, embora hoje considere que a fam\u00edlia reconhece a op\u00e7\u00e3o de carreira. Casou-se este ano, ap\u00f3s sete anos de namoro, e a mulher trabalha igualmente no banco, o que simboliza uma dupla liga\u00e7\u00e3o ao mesmo ambiente profissional.<\/p>\n<p>A promo\u00e7\u00e3o foi comunicada por telefone e, segundo relatou ao Business Insider, a primeira rea\u00e7\u00e3o foi partilhar a not\u00edcia com a fam\u00edlia. O epis\u00f3dio marca um ponto de viragem numa trajet\u00f3ria acelerada num banco que figura entre os dez maiores do mundo por capitaliza\u00e7\u00e3o bolsista, avaliado em cerca de 243 mil milh\u00f5es de d\u00f3lares.<\/p>\n<p class=\"has-medium-font-size\"><strong>O ciclo de promo\u00e7\u00f5es no banco<\/strong><\/p>\n<p>O Goldman Sachs rev\u00ea a cada dois anos quem sobe a managing director, um estatuto interm\u00e9dio na escalada at\u00e9 s\u00f3cio. Em 2023 foram promovidos 608 profissionais e, em 2025, o n\u00famero subiu para 638, integrando a lista onde se encontra Paulo Costa.<\/p>\n<p>Esta din\u00e2mica acontece num contexto de forte competi\u00e7\u00e3o interna e metas exigentes. A promo\u00e7\u00e3o sinaliza desempenho consistente, capacidade de gerar neg\u00f3cio e reconhecimento dentro das estruturas de lideran\u00e7a.<\/p>\n<p class=\"has-medium-font-size\"><strong>Remunera\u00e7\u00e3o e ambi\u00e7\u00e3o<\/strong><\/p>\n<p>De acordo com o <a href=\"https:\/\/www.wsj.com\/\" target=\"_blank\" rel=\"noreferrer noopener nofollow\">The Wall Street Journal<\/a>, o estatuto de managing director implica um sal\u00e1rio-base de 400 mil d\u00f3lares, sem contar com eventuais b\u00f3nus de desempenho e acesso a programas internos de lideran\u00e7a. Em mercados como Londres ou Nova Iorque, a remunera\u00e7\u00e3o total pode ultrapassar um milh\u00e3o de euros em anos de resultados fortes.<\/p>\n<p>A progress\u00e3o, destacam especialistas de recrutamento, tem marcos temporais previs\u00edveis, avalia\u00e7\u00f5es regulares e valoriza tanto a performance como as chamadas compet\u00eancias comportamentais. Lideran\u00e7a de equipas, gest\u00e3o de clientes e mobilidade internacional s\u00e3o vistos como trunfos na trajet\u00f3ria at\u00e9 posi\u00e7\u00f5es de topo.<\/p>\n<p class=\"has-medium-font-size\"><strong>O que pesa nas decis\u00f5es<\/strong><\/p>\n<p>A refer\u00eancia interna, com o apoio de um patrocinador s\u00e9nior, \u00e9 frequentemente decisiva para sustentar a candidatura \u00e0 promo\u00e7\u00e3o. Ao mesmo tempo, a consist\u00eancia t\u00e9cnica e a capacidade de execu\u00e7\u00e3o s\u00e3o elementos cr\u00edticos num setor onde as equipas competem por resultados quantific\u00e1veis.<\/p>\n<p>O jovem portugu\u00eas ascende, assim, num ano em que as receitas por comiss\u00f5es voltaram a aproximar-se dos n\u00edveis do auge pand\u00e9mico em fus\u00f5es e aquisi\u00e7\u00f5es. Nos primeiros nove meses de 2025, o Goldman Sachs lucrou 12 mil milh\u00f5es de d\u00f3lares, mais 24% face ao per\u00edodo hom\u00f3logo, criando espa\u00e7o para reconhecer desempenhos.<\/p>\n<p class=\"has-medium-font-size\"><strong>Diversidade e pr\u00f3ximos passos<\/strong><\/p>\n<p>Apesar do ciclo positivo, a diversidade continua aqu\u00e9m do objetivo. Em 2025, das 638 pessoas promovidas a managing director, 27% s\u00e3o mulheres, abaixo dos 31% registados em 2023, o que mant\u00e9m a discuss\u00e3o sobre equil\u00edbrio de g\u00e9nero na agenda do setor.<\/p>\n<p>A paragem seguinte na carreira \u00e9 o estatuto de s\u00f3cio, um dos picos na hierarquia do banco. Atualmente, Jos\u00e9 Barreto \u00e9 o \u00fanico portugu\u00eas com essa distin\u00e7\u00e3o, alcan\u00e7ada em 2020, sinalizando que o caminho at\u00e9 ao cume continua a exigir resultados sustentados e patroc\u00ednio interno.<\/p>\n<p class=\"has-medium-font-size\"><strong>Um sinal para a banca de investimento<\/strong><\/p>\n<p>A promo\u00e7\u00e3o de Paulo Costa confirma a acelera\u00e7\u00e3o de talentos na banca de investimento e a capacidade de perfis jovens assumirem responsabilidades num ambiente de risco e exig\u00eancia. O caso ilustra como m\u00e9rito, patroc\u00ednio e execu\u00e7\u00e3o podem convergir para acelerar carreiras em institui\u00e7\u00f5es globais.<\/p>\n<p>Para um pa\u00eds atento \u00e0 afirma\u00e7\u00e3o de quadros no exterior, a ascens\u00e3o de um gestor de 29 anos a managing director num banco como o Goldman Sachs \u00e9 um indicador do potencial competitivo portugu\u00eas neste mercado. E ajuda a explicar porque este percurso promete dar que falar.<\/p>\n<p><strong>Leia tamb\u00e9m:\u00a0<a href=\"https:\/\/postal.pt\/economia\/adeus-reforma-a-horas-cidadaos-nascidos-depois-desta-data-so-se-vao-poder-reformar-aos-70-anos-neste-pais-da-uniao-europeia\/\" rel=\"nofollow noopener\" target=\"_blank\">Adeus reforma \u2018a horas\u2019? Cidad\u00e3os nascidos depois desta data s\u00f3 se v\u00e3o poder reformar aos 70 anos neste pa\u00eds da Uni\u00e3o Europeia<\/a><\/strong><\/p>\n","protected":false},"excerpt":{"rendered":"Um jovem portugu\u00eas atingiu um patamar raro no universo da banca de investimento internacional. O feito aconteceu numa&hellip;\n","protected":false},"author":2,"featured_media":153067,"comment_status":"","ping_status":"","sticky":false,"template":"","format":"standard","meta":{"footnotes":""},"categories":[83],"tags":[88,89,90,32,33],"class_list":{"0":"post-153066","1":"post","2":"type-post","3":"status-publish","4":"format-standard","5":"has-post-thumbnail","7":"category-empresas","8":"tag-business","9":"tag-economy","10":"tag-empresas","11":"tag-portugal","12":"tag-pt"},"share_on_mastodon":{"url":"https:\/\/pubeurope.com\/@pt\/115555385148168089","error":""},"_links":{"self":[{"href":"https:\/\/www.europesays.com\/pt\/wp-json\/wp\/v2\/posts\/153066","targetHints":{"allow":["GET"]}}],"collection":[{"href":"https:\/\/www.europesays.com\/pt\/wp-json\/wp\/v2\/posts"}],"about":[{"href":"https:\/\/www.europesays.com\/pt\/wp-json\/wp\/v2\/types\/post"}],"author":[{"embeddable":true,"href":"https:\/\/www.europesays.com\/pt\/wp-json\/wp\/v2\/users\/2"}],"replies":[{"embeddable":true,"href":"https:\/\/www.europesays.com\/pt\/wp-json\/wp\/v2\/comments?post=153066"}],"version-history":[{"count":0,"href":"https:\/\/www.europesays.com\/pt\/wp-json\/wp\/v2\/posts\/153066\/revisions"}],"wp:featuredmedia":[{"embeddable":true,"href":"https:\/\/www.europesays.com\/pt\/wp-json\/wp\/v2\/media\/153067"}],"wp:attachment":[{"href":"https:\/\/www.europesays.com\/pt\/wp-json\/wp\/v2\/media?parent=153066"}],"wp:term":[{"taxonomy":"category","embeddable":true,"href":"https:\/\/www.europesays.com\/pt\/wp-json\/wp\/v2\/categories?post=153066"},{"taxonomy":"post_tag","embeddable":true,"href":"https:\/\/www.europesays.com\/pt\/wp-json\/wp\/v2\/tags?post=153066"}],"curies":[{"name":"wp","href":"https:\/\/api.w.org\/{rel}","templated":true}]}}