{"id":153068,"date":"2025-11-15T19:33:14","date_gmt":"2025-11-15T19:33:14","guid":{"rendered":"https:\/\/www.europesays.com\/pt\/153068\/"},"modified":"2025-11-15T19:33:14","modified_gmt":"2025-11-15T19:33:14","slug":"trump-discute-com-pentagono-opcoes-para-accao-militar-na-venezuela-eua","status":"publish","type":"post","link":"https:\/\/www.europesays.com\/pt\/153068\/","title":{"rendered":"Trump discute com Pent\u00e1gono op\u00e7\u00f5es para ac\u00e7\u00e3o militar na Venezuela | EUA"},"content":{"rendered":"<p>O Presidente dos Estados Unidos, Donald Trump, reuniu-se na sexta-feira, 14 de Novembro, com altos respons\u00e1veis do Pent\u00e1gono na Casa Branca, para discutir v\u00e1rias op\u00e7\u00f5es para uma poss\u00edvel ac\u00e7\u00e3o militar na Venezuela, de acordo com o The Washington Post.<\/p>\n<p>O secret\u00e1rio da Defesa, <a href=\"https:\/\/www.publico.pt\/2025\/01\/15\/mundo\/noticia\/pete-hegseth-escolha-controversa-trump-defesa-colhe-apoio-republicano-senado-2118816\" rel=\"nofollow noopener\" target=\"_blank\">Pete Hegseth<\/a>, e o chefe do Estado-Maior Conjunto, Dan Caine, visitaram a Casa Branca pelo segundo dia consecutivo.<\/p>\n<p>Um alto respons\u00e1vel do Governo explicou que o Presidente recebeu &#8220;uma s\u00e9rie de op\u00e7\u00f5es&#8221; e continua &#8220;estrategicamente indeciso&#8221; sobre as suas ac\u00e7\u00f5es futuras, citado pela ag\u00eancia Efe.<\/p>\n<p>A reuni\u00e3o privada ocorreu 24 horas depois de Hegseth ter anunciado na sua conta oficial na rede social X o in\u00edcio da Opera\u00e7\u00e3o Lan\u00e7a do Sul na regi\u00e3o, com o objectivo de combater o narcotr\u00e1fico, embora sem detalhar os objectivos ou opera\u00e7\u00f5es espec\u00edficos, segundo o Washington Post<\/p>\n<p>Fontes consultadas pelo jornal afirmam que algumas for\u00e7as norte-americanas posicionadas na regi\u00e3o &#8220;est\u00e3o a preparar-se para poss\u00edveis ordens de ataque&#8221;.<\/p>\n<p>Outro respons\u00e1vel afirmou que Washington est\u00e1 &#8220;muito consciente do que se passa na <a href=\"https:\/\/www.publico.pt\/venezuela\" rel=\"nofollow noopener\" target=\"_blank\">Venezuela<\/a>, das conversa\u00e7\u00f5es entre os associados de Maduro e a cimeira do seu regime&#8221;, e alertou que o Presidente venezuelano &#8220;est\u00e1 muito assustado, e com raz\u00e3o&#8221;, dada a pan\u00f3plia de op\u00e7\u00f5es &#8220;prejudiciais&#8221; para a Venezuela que Trump tem \u00e0 sua disposi\u00e7\u00e3o.<\/p>\n<p>Desde Agosto, os Estados Unidos refor\u00e7aram significativamente a sua presen\u00e7a militar no Sul das Cara\u00edbas sob o pretexto do combate ao <a href=\"https:\/\/www.publico.pt\/2025\/11\/14\/mundo\/noticia\/pentagono-anuncia-operacao-lanca-sul-narcoterroristas-america-latina-2154601\" rel=\"nofollow noopener\" target=\"_blank\">tr\u00e1fico de droga<\/a>.<\/p>\n<p>Cerca de 10 mil soldados foram mobilizados, segundo fontes oficiais, e um dos principais navios da Marinha dos EUA, o porta-avi\u00f5es USS Gerald R. Ford, o maior do Pent\u00e1gono, foi posicionado ao largo da costa venezuelana.<\/p>\n<p>Em Outubro, Trump declarou que n\u00e3o descartava poss\u00edveis ataques a alvos terrestres tanto na Venezuela como na Col\u00f4mbia, cujos presidentes acusa de serem narcotraficantes.<\/p>\n<p>Por sua vez, o Presidente venezuelano, <a href=\"https:\/\/www.publico.pt\/nicolas-maduro\" rel=\"nofollow noopener\" target=\"_blank\">Nicol\u00e1s Maduro<\/a>, apelou \u00e0 popula\u00e7\u00e3o para se preparar para uma poss\u00edvel &#8220;luta armada&#8221; e anunciou a mobiliza\u00e7\u00e3o de 200 mil soldados.<\/p>\n","protected":false},"excerpt":{"rendered":"O Presidente dos Estados Unidos, Donald Trump, reuniu-se na sexta-feira, 14 de Novembro, com altos respons\u00e1veis do Pent\u00e1gono&hellip;\n","protected":false},"author":2,"featured_media":153069,"comment_status":"","ping_status":"","sticky":false,"template":"","format":"standard","meta":{"footnotes":""},"categories":[50],"tags":[993,1126,1028,27,28,92,235,413,15,16,14,25,26,21,22,62,12,13,19,20,23,24,17,18,29,30,31,3023,63,64,65],"class_list":{"0":"post-153068","1":"post","2":"type-post","3":"status-publish","4":"format-standard","5":"has-post-thumbnail","7":"category-mundo","8":"tag-america","9":"tag-america-do-sul","10":"tag-america-latina","11":"tag-breaking-news","12":"tag-breakingnews","13":"tag-donald-trump","14":"tag-estados-unidos","15":"tag-eua","16":"tag-featured-news","17":"tag-featurednews","18":"tag-headlines","19":"tag-latest-news","20":"tag-latestnews","21":"tag-main-news","22":"tag-mainnews","23":"tag-mundo","24":"tag-news","25":"tag-noticias","26":"tag-noticias-principais","27":"tag-noticiasprincipais","28":"tag-principais-noticias","29":"tag-principaisnoticias","30":"tag-top-stories","31":"tag-topstories","32":"tag-ultimas","33":"tag-ultimas-noticias","34":"tag-ultimasnoticias","35":"tag-venezuela","36":"tag-world","37":"tag-world-news","38":"tag-worldnews"},"share_on_mastodon":{"url":"https:\/\/pubeurope.com\/@pt\/115555389014259323","error":""},"_links":{"self":[{"href":"https:\/\/www.europesays.com\/pt\/wp-json\/wp\/v2\/posts\/153068","targetHints":{"allow":["GET"]}}],"collection":[{"href":"https:\/\/www.europesays.com\/pt\/wp-json\/wp\/v2\/posts"}],"about":[{"href":"https:\/\/www.europesays.com\/pt\/wp-json\/wp\/v2\/types\/post"}],"author":[{"embeddable":true,"href":"https:\/\/www.europesays.com\/pt\/wp-json\/wp\/v2\/users\/2"}],"replies":[{"embeddable":true,"href":"https:\/\/www.europesays.com\/pt\/wp-json\/wp\/v2\/comments?post=153068"}],"version-history":[{"count":0,"href":"https:\/\/www.europesays.com\/pt\/wp-json\/wp\/v2\/posts\/153068\/revisions"}],"wp:featuredmedia":[{"embeddable":true,"href":"https:\/\/www.europesays.com\/pt\/wp-json\/wp\/v2\/media\/153069"}],"wp:attachment":[{"href":"https:\/\/www.europesays.com\/pt\/wp-json\/wp\/v2\/media?parent=153068"}],"wp:term":[{"taxonomy":"category","embeddable":true,"href":"https:\/\/www.europesays.com\/pt\/wp-json\/wp\/v2\/categories?post=153068"},{"taxonomy":"post_tag","embeddable":true,"href":"https:\/\/www.europesays.com\/pt\/wp-json\/wp\/v2\/tags?post=153068"}],"curies":[{"name":"wp","href":"https:\/\/api.w.org\/{rel}","templated":true}]}}