{"id":153072,"date":"2025-11-15T19:35:08","date_gmt":"2025-11-15T19:35:08","guid":{"rendered":"https:\/\/www.europesays.com\/pt\/153072\/"},"modified":"2025-11-15T19:35:08","modified_gmt":"2025-11-15T19:35:08","slug":"bebe-nasce-no-carro-na-area-de-servico-de-silves","status":"publish","type":"post","link":"https:\/\/www.europesays.com\/pt\/153072\/","title":{"rendered":"Beb\u00e9 nasce no carro na \u00e1rea de servi\u00e7o de Silves"},"content":{"rendered":"<p>&#13;<br \/>\n(em atualiza\u00e7\u00e3o)&#13;\n<\/p>\n<p>A not\u00edcia foi avan\u00e7ada pelo Correio da Manh\u00e3.\u00a0Uma menina nasceu dentro de um carro, na \u00e1rea de servi\u00e7o de Silves da A22, quando os pais seguiam a caminho do hospital no meio do temporal que est\u00e1 a afetar o Algarve este s\u00e1bado.<\/p>\n<p>O parto ter\u00e1 sido auxiliado por um bombeiro da corpora\u00e7\u00e3o de Silves que estava de folga e que parou naquela area de servi\u00e7o, para se proteger da chuva intensa que ca\u00eda naquele momento.<\/p>\n<p>O subchefe Alvaro Marques, ajudou no nascimento da menina, que se chama Alice. <\/p>\n<p>O parto correu bem, e foi depois pedido apoio via 112. Uma vmer e uma ambul\u00e2ncia responderam \u00e0 chamada, e a m\u00e3e e a crian\u00e7a foram levadas para Faro.&#13;<\/p>\n","protected":false},"excerpt":{"rendered":"&#13; (em atualiza\u00e7\u00e3o)&#13; A not\u00edcia foi avan\u00e7ada pelo Correio da Manh\u00e3.\u00a0Uma menina nasceu dentro de um carro, na&hellip;\n","protected":false},"author":2,"featured_media":153073,"comment_status":"","ping_status":"","sticky":false,"template":"","format":"standard","meta":{"footnotes":""},"categories":[8],"tags":[27,28,15,16,14,25,26,21,22,12,13,19,20,32,23,24,33,420,421,17,18,29,30,31],"class_list":{"0":"post-153072","1":"post","2":"type-post","3":"status-publish","4":"format-standard","5":"has-post-thumbnail","7":"category-principais-noticias","8":"tag-breaking-news","9":"tag-breakingnews","10":"tag-featured-news","11":"tag-featurednews","12":"tag-headlines","13":"tag-latest-news","14":"tag-latestnews","15":"tag-main-news","16":"tag-mainnews","17":"tag-news","18":"tag-noticias","19":"tag-noticias-principais","20":"tag-noticiasprincipais","21":"tag-portugal","22":"tag-principais-noticias","23":"tag-principaisnoticias","24":"tag-pt","25":"tag-rtp","26":"tag-rtp-noticias","27":"tag-top-stories","28":"tag-topstories","29":"tag-ultimas","30":"tag-ultimas-noticias","31":"tag-ultimasnoticias"},"share_on_mastodon":{"url":"https:\/\/pubeurope.com\/@pt\/115555396856193637","error":""},"_links":{"self":[{"href":"https:\/\/www.europesays.com\/pt\/wp-json\/wp\/v2\/posts\/153072","targetHints":{"allow":["GET"]}}],"collection":[{"href":"https:\/\/www.europesays.com\/pt\/wp-json\/wp\/v2\/posts"}],"about":[{"href":"https:\/\/www.europesays.com\/pt\/wp-json\/wp\/v2\/types\/post"}],"author":[{"embeddable":true,"href":"https:\/\/www.europesays.com\/pt\/wp-json\/wp\/v2\/users\/2"}],"replies":[{"embeddable":true,"href":"https:\/\/www.europesays.com\/pt\/wp-json\/wp\/v2\/comments?post=153072"}],"version-history":[{"count":0,"href":"https:\/\/www.europesays.com\/pt\/wp-json\/wp\/v2\/posts\/153072\/revisions"}],"wp:featuredmedia":[{"embeddable":true,"href":"https:\/\/www.europesays.com\/pt\/wp-json\/wp\/v2\/media\/153073"}],"wp:attachment":[{"href":"https:\/\/www.europesays.com\/pt\/wp-json\/wp\/v2\/media?parent=153072"}],"wp:term":[{"taxonomy":"category","embeddable":true,"href":"https:\/\/www.europesays.com\/pt\/wp-json\/wp\/v2\/categories?post=153072"},{"taxonomy":"post_tag","embeddable":true,"href":"https:\/\/www.europesays.com\/pt\/wp-json\/wp\/v2\/tags?post=153072"}],"curies":[{"name":"wp","href":"https:\/\/api.w.org\/{rel}","templated":true}]}}