{"id":153076,"date":"2025-11-15T19:39:13","date_gmt":"2025-11-15T19:39:13","guid":{"rendered":"https:\/\/www.europesays.com\/pt\/153076\/"},"modified":"2025-11-15T19:39:13","modified_gmt":"2025-11-15T19:39:13","slug":"apos-varias-discussoes-com-liliana-e-ana-bruna-quebra-e-fica-lavada-em-lagrimas-secret-story","status":"publish","type":"post","link":"https:\/\/www.europesays.com\/pt\/153076\/","title":{"rendered":"Ap\u00f3s v\u00e1rias discuss\u00f5es com Liliana e Ana, Bruna quebra e fica lavada em l\u00e1grimas &#8211; Secret Story"},"content":{"rendered":"<p>No Secret Story 9, Bruna mostra-se como nunca se mostrou. A concorrente acaba lavada em l\u00e1grimas, depois de um dia marcado por duras discuss\u00f5es com Liliana e Ana. Esta \u00faltima acaba por dar-lhe apoio. Veja tudo.<\/p>\n<p><strong>Esta semana h\u00e1 cinco concorrentes em risco de abandonar a casa mais vigiada do Pa\u00eds no pr\u00f3ximo domingo.\u00a0<\/strong><\/p>\n<p>VOTE PARA SALVAR:<\/p>\n<p>ANA \u2013 761 20 20 01<br \/>ANA CRISTINA \u2013 761 20 20 02<br \/>DYLAN \u2013 761 20 20 07<br \/>LEANDRO \u2013 761 20 20 12<br \/>PEDRO &#8211; 761 20 20 18<\/p>\n<p><a href=\"https:\/\/tvi.iol.pt\/secretstory\/aominuto\" rel=\"nofollow noopener\" target=\"_blank\">Acompanhe tudo o que se passa na casa mais vigiada do Pa\u00eds<\/a><\/p>\n","protected":false},"excerpt":{"rendered":"No Secret Story 9, Bruna mostra-se como nunca se mostrou. A concorrente acaba lavada em l\u00e1grimas, depois de&hellip;\n","protected":false},"author":2,"featured_media":153077,"comment_status":"","ping_status":"","sticky":false,"template":"","format":"standard","meta":{"footnotes":""},"categories":[142],"tags":[1997,114,115,18800,32,33,151,162,18801],"class_list":{"0":"post-153076","1":"post","2":"type-post","3":"status-publish","4":"format-standard","5":"has-post-thumbnail","7":"category-tv","8":"tag-bruna","9":"tag-entertainment","10":"tag-entretenimento","11":"tag-momentos-virais-secret-story","12":"tag-portugal","13":"tag-pt","14":"tag-tv","15":"tag-tvi","16":"tag-videos-virais-concorrentes"},"share_on_mastodon":{"url":"https:\/\/pubeurope.com\/@pt\/115555412765257199","error":""},"_links":{"self":[{"href":"https:\/\/www.europesays.com\/pt\/wp-json\/wp\/v2\/posts\/153076","targetHints":{"allow":["GET"]}}],"collection":[{"href":"https:\/\/www.europesays.com\/pt\/wp-json\/wp\/v2\/posts"}],"about":[{"href":"https:\/\/www.europesays.com\/pt\/wp-json\/wp\/v2\/types\/post"}],"author":[{"embeddable":true,"href":"https:\/\/www.europesays.com\/pt\/wp-json\/wp\/v2\/users\/2"}],"replies":[{"embeddable":true,"href":"https:\/\/www.europesays.com\/pt\/wp-json\/wp\/v2\/comments?post=153076"}],"version-history":[{"count":0,"href":"https:\/\/www.europesays.com\/pt\/wp-json\/wp\/v2\/posts\/153076\/revisions"}],"wp:featuredmedia":[{"embeddable":true,"href":"https:\/\/www.europesays.com\/pt\/wp-json\/wp\/v2\/media\/153077"}],"wp:attachment":[{"href":"https:\/\/www.europesays.com\/pt\/wp-json\/wp\/v2\/media?parent=153076"}],"wp:term":[{"taxonomy":"category","embeddable":true,"href":"https:\/\/www.europesays.com\/pt\/wp-json\/wp\/v2\/categories?post=153076"},{"taxonomy":"post_tag","embeddable":true,"href":"https:\/\/www.europesays.com\/pt\/wp-json\/wp\/v2\/tags?post=153076"}],"curies":[{"name":"wp","href":"https:\/\/api.w.org\/{rel}","templated":true}]}}