{"id":153078,"date":"2025-11-15T19:40:09","date_gmt":"2025-11-15T19:40:09","guid":{"rendered":"https:\/\/www.europesays.com\/pt\/153078\/"},"modified":"2025-11-15T19:40:09","modified_gmt":"2025-11-15T19:40:09","slug":"justin-bieber-sofre-lesao-e-revela-que-sente-dor-ao-cantar","status":"publish","type":"post","link":"https:\/\/www.europesays.com\/pt\/153078\/","title":{"rendered":"Justin Bieber sofre les\u00e3o e revela que sente dor ao cantar"},"content":{"rendered":"<p class=\"my-5 break-words group-[.isActiveSource]:text-xl\">O cantor <strong class=\"group-[.isActiveSource]:text-xl group-[.isActiveSource]:font-bold\">Justin Bieber<\/strong>, 31, revelou que sofreu uma les\u00e3o que o faz sentir dor quando come\u00e7a a cantar. O astro se machucou depois de cair do seu onewheel, um tipo de skate el\u00e9trico com uma \u00fanica roda no centro, em que a pessoa se inclina para frente ou para tr\u00e1s para se movimentar.<\/p>\n<p class=\"my-5 break-words group-[.isActiveSource]:text-xl\">Falando com amigos durante uma transmiss\u00e3o ao vivo na Twitch, o cantor disse: &#8220;Minha costela est\u00e1 doendo muito. [A les\u00e3o] est\u00e1 me machucando. Estou tentando bancar o tranquilo, mas isso est\u00e1 acabando comigo.\u201d<\/p>\n<p class=\"my-5 break-words group-[.isActiveSource]:text-xl\">Segundo <a href=\"https:\/\/www.cnnbrasil.com.br\/entretenimento\/o-que-esta-acontecendo-com-justin-bieber-e-sua-mae\/\" target=\"_blank\" rel=\"noopener noreferrer nofollow\" class=\"text-red-600 underline hover:text-red-500 font-medium break-words group-[.isActiveSource]:text-xl\">Justin<\/a>, ele bateu o quadril ao cair. \u201cAt\u00e9 para cantar, ou rir, tudo d\u00f3i\u201d, completou.<\/p>\n<p class=\"my-5 break-words group-[.isActiveSource]:text-xl\">Recentemente, o cantor tem feito lives na Twitch enquanto se prepara para ser uma das <a href=\"https:\/\/www.cnnbrasil.com.br\/entretenimento\/coachella-2026-anuncia-line-up-e-confirma-retorno-de-justin-bieber-ao-palco\/\" target=\"_blank\" rel=\"noopener noreferrer nofollow\" class=\"text-red-600 underline hover:text-red-500 font-medium break-words group-[.isActiveSource]:text-xl\">atra\u00e7\u00f5es principais do Coachella<\/a> em abril do ano que vem. Justin ir\u00e1 se apresentar em dois s\u00e1bados seguidos, nos dias 11 e 18 de abril.<\/p>\n<p class=\"my-5 break-words group-[.isActiveSource]:text-xl\">A edi\u00e7\u00e3o de 2026 do ic\u00f4nico festival que ocorre na Calif\u00f3rnia ainda conta com as cantoras <a href=\"https:\/\/www.cnnbrasil.com.br\/entretenimento\/sabrina-carpenter-a-trajetoria-da-cantora-ate-se-tornar-uma-estrela-pop\/\" target=\"_blank\" rel=\"noopener noreferrer nofollow\" class=\"text-red-600 underline hover:text-red-500 font-medium break-words group-[.isActiveSource]:text-xl\">Sabrina Carpenter<\/a> e <a href=\"https:\/\/www.cnnbrasil.com.br\/entretenimento\/grammy-latino-2025-karol-g-ganha-cancao-do-ano-pela-primeira-vez\/\" target=\"_blank\" rel=\"noopener noreferrer nofollow\" class=\"text-red-600 underline hover:text-red-500 font-medium break-words group-[.isActiveSource]:text-xl\">Karol G<\/a> entre seus principais destaques.<\/p>\n","protected":false},"excerpt":{"rendered":"O cantor Justin Bieber, 31, revelou que sofreu uma les\u00e3o que o faz sentir dor quando come\u00e7a a&hellip;\n","protected":false},"author":2,"featured_media":153079,"comment_status":"","ping_status":"","sticky":false,"template":"","format":"standard","meta":{"footnotes":""},"categories":[141],"tags":[114,115,149,150,32,33],"class_list":{"0":"post-153078","1":"post","2":"type-post","3":"status-publish","4":"format-standard","5":"has-post-thumbnail","7":"category-musica","8":"tag-entertainment","9":"tag-entretenimento","10":"tag-music","11":"tag-musica","12":"tag-portugal","13":"tag-pt"},"share_on_mastodon":{"url":"https:\/\/pubeurope.com\/@pt\/115555416646775649","error":""},"_links":{"self":[{"href":"https:\/\/www.europesays.com\/pt\/wp-json\/wp\/v2\/posts\/153078","targetHints":{"allow":["GET"]}}],"collection":[{"href":"https:\/\/www.europesays.com\/pt\/wp-json\/wp\/v2\/posts"}],"about":[{"href":"https:\/\/www.europesays.com\/pt\/wp-json\/wp\/v2\/types\/post"}],"author":[{"embeddable":true,"href":"https:\/\/www.europesays.com\/pt\/wp-json\/wp\/v2\/users\/2"}],"replies":[{"embeddable":true,"href":"https:\/\/www.europesays.com\/pt\/wp-json\/wp\/v2\/comments?post=153078"}],"version-history":[{"count":0,"href":"https:\/\/www.europesays.com\/pt\/wp-json\/wp\/v2\/posts\/153078\/revisions"}],"wp:featuredmedia":[{"embeddable":true,"href":"https:\/\/www.europesays.com\/pt\/wp-json\/wp\/v2\/media\/153079"}],"wp:attachment":[{"href":"https:\/\/www.europesays.com\/pt\/wp-json\/wp\/v2\/media?parent=153078"}],"wp:term":[{"taxonomy":"category","embeddable":true,"href":"https:\/\/www.europesays.com\/pt\/wp-json\/wp\/v2\/categories?post=153078"},{"taxonomy":"post_tag","embeddable":true,"href":"https:\/\/www.europesays.com\/pt\/wp-json\/wp\/v2\/tags?post=153078"}],"curies":[{"name":"wp","href":"https:\/\/api.w.org\/{rel}","templated":true}]}}