{"id":153080,"date":"2025-11-15T19:41:12","date_gmt":"2025-11-15T19:41:12","guid":{"rendered":"https:\/\/www.europesays.com\/pt\/153080\/"},"modified":"2025-11-15T19:41:12","modified_gmt":"2025-11-15T19:41:12","slug":"os-5-melhores-filmes-de-comedia-da-historia-segundo-jim-carrey","status":"publish","type":"post","link":"https:\/\/www.europesays.com\/pt\/153080\/","title":{"rendered":"Os 5 melhores filmes de com\u00e9dia da hist\u00f3ria, segundo Jim Carrey"},"content":{"rendered":"<p>\n                        Ator especialista no g\u00eanero elege os seus preferidos em todos os tempos e coloca at\u00e9 mesmo um longa-metragem em que atuou na d\u00e9cada de 1990\n                    <\/p>\n<ul class=\"article__header__author\">\n<li class=\"article__header__author__item\">\n                                                Por:<br \/>\n                                                                                    Guilherme Gon\u00e7alves \/ Rolling Stone Brasil\n                                                                        <\/li>\n<\/ul>\n<p class=\"text\"><a href=\"https:\/\/www.terra.com.br\/tudo-sobre\/jim-carrey\" target=\"_self\" rel=\"nofollow noopener\">Jim Carrey<\/a> \u00e9 um dos maiores nomes de sua gera\u00e7\u00e3o quando o assunto \u00e9 filme de com\u00e9dia. O ator canadense estrelou cl\u00e1ssicos recentes do g\u00eanero, como <strong>Ace Ventura<\/strong> (1994), <strong>Debi e Loide<\/strong> (1994), O <strong>Mentiroso<\/strong> (1997) e <strong>Todo Poderoso<\/strong> (2003), entre outros.<\/p>\n<p><img loading=\"lazy\" decoding=\"async\" alt=\"O ator Jim Carrey em 2025\" class=\"img-e7b265fbb9f509b43e5a9bdedfe272c2dztlgx88\" height=\"435\" src=\"https:\/\/www.europesays.com\/pt\/wp-content\/uploads\/2025\/11\/1262321164-jim-carrey-2025-foto-theo-wargo-getty-images-for-rrhof-2245921292.jpg\"  title=\"O ator Jim Carrey em 2025\" width=\"774\"\/><\/p>\n<p>O ator Jim Carrey em 2025<\/p>\n<p>Foto: Theo Wargo \/ Getty Images for RRHOF \/ Rolling Stone Brasil<\/p>\n<p class=\"text\">Questionado em entrevista ao site Inquirer.net sobre os melhores filmes de com\u00e9dia em todos os tempos, o ator fez sua lista. Colocou at\u00e9 um longa-metragem em que atuou.<\/p>\n<p class=\"text\">Inicialmente, Carrey disse que a tarefa \u00e9 bastante dif\u00edcil, mas acabou saindo do muro. Veja o que ele declarou:<\/p>\n<blockquote>\n<p class=\"text\">&#8220;Nossa, s\u00f3 cinco? <strong>Tempos Modernos<\/strong> (1936) foi pura genialidade por v\u00e1rios motivos, n\u00e3o apenas pela genialidade das cenas. N\u00e3o h\u00e1 nada como isso. Elas durar\u00e3o para sempre. <strong>Um Tiro no Escuro<\/strong> (1964) com <strong>Peter Sellers<\/strong>. Quando as pessoas pensam em Peter Sellers, pensam nos filmes da <strong>Pantera Cor-de-Rosa<\/strong> e esquecem esse. Mas \u00e9 uma joia.&#8221;<\/p>\n<\/blockquote>\n<p class=\"text\"><iframe loading=\"lazy\" title=\"Tempos Modernos (1936) - Trailer\" width=\"1200\" height=\"900\" src=\"https:\/\/www.youtube.com\/embed\/4OmEi_AIjZc?feature=oembed\" frameborder=\"0\" allow=\"accelerometer; autoplay; clipboard-write; encrypted-media; gyroscope; picture-in-picture; web-share\" referrerpolicy=\"strict-origin-when-cross-origin\" allowfullscreen><\/iframe><\/p>\n<p class=\"text\">Carrey deu sequ\u00eancia \u00e0 lista:<\/p>\n<blockquote>\n<p class=\"text\">&#8220;<strong>Shampoo<\/strong>\u00a0(1975) \u00e9 um filme brilhante, uma com\u00e9dia com um pano de fundo completamente s\u00e9rio, pol\u00edtico e comovente. Muitos filmes de <strong>Hal Ashby<\/strong>, como <strong>Ensina-me a Viver<\/strong> (1971). Nesse filme, quando voc\u00ea v\u00ea a tatuagem no bra\u00e7o de <strong>Maude<\/strong>, tudo o que era rid\u00edculo e engra\u00e7ado de repente se une em uma ideia muito s\u00e9ria.&#8221;<\/p>\n<\/blockquote>\n<p class=\"text\"><iframe loading=\"lazy\" title=\"Ensina-me a Viver\" width=\"1200\" height=\"675\" src=\"https:\/\/www.youtube.com\/embed\/yu5Cbuj7-cA?feature=oembed\" frameborder=\"0\" allow=\"accelerometer; autoplay; clipboard-write; encrypted-media; gyroscope; picture-in-picture; web-share\" referrerpolicy=\"strict-origin-when-cross-origin\" allowfullscreen><\/iframe><\/p>\n<p class=\"text\">Bem-humorado, no fim o ator elegeu tamb\u00e9m <strong>O Pentelho<\/strong> (1996), em que foi o protagonista, e brincou:<\/p>\n<blockquote>\n<p class=\"text\">&#8220;Eu teria que incluir o meu na lista &#8211; <strong>O Pentelho<\/strong>. Eu deveria ter ganhado um Oscar por esse filme, mas eles n\u00e3o d\u00e3o <strong>Oscar<\/strong> para esse tipo de coisa.&#8221;<\/p>\n<\/blockquote>\n<p class=\"text\"><iframe loading=\"lazy\" title=\"O Pentelho (Cable Guy 1996) - Trailer Legendado\" width=\"1200\" height=\"675\" src=\"https:\/\/www.youtube.com\/embed\/x7lLPvdV8c8?feature=oembed\" frameborder=\"0\" allow=\"accelerometer; autoplay; clipboard-write; encrypted-media; gyroscope; picture-in-picture; web-share\" referrerpolicy=\"strict-origin-when-cross-origin\" allowfullscreen><\/iframe><\/p>\n<p>Os filmes de com\u00e9dia favoritos de Jim Carrey<\/p>\n<p class=\"text\">Confira a lista completa:<\/p>\n<ul>\n<li><strong>Tempos Modernos<\/strong> (1936)<\/li>\n<li><strong>Um Tiro no Escuro<\/strong> (1964)<\/li>\n<li><strong>Shampoo<\/strong> (1975)<\/li>\n<li><strong>Ensina-me a Viver<\/strong> (1971)<\/li>\n<li><strong>O Pentelho<\/strong> (1996)<\/li>\n<\/ul>\n","protected":false},"excerpt":{"rendered":"Ator especialista no g\u00eanero elege os seus preferidos em todos os tempos e coloca at\u00e9 mesmo um longa-metragem&hellip;\n","protected":false},"author":2,"featured_media":153081,"comment_status":"","ping_status":"","sticky":false,"template":"","format":"standard","meta":{"footnotes":""},"categories":[140],"tags":[114,115,147,148,146,32,33],"class_list":{"0":"post-153080","1":"post","2":"type-post","3":"status-publish","4":"format-standard","5":"has-post-thumbnail","7":"category-filmes","8":"tag-entertainment","9":"tag-entretenimento","10":"tag-film","11":"tag-filmes","12":"tag-movies","13":"tag-portugal","14":"tag-pt"},"share_on_mastodon":{"url":"https:\/\/pubeurope.com\/@pt\/115555420561402884","error":""},"_links":{"self":[{"href":"https:\/\/www.europesays.com\/pt\/wp-json\/wp\/v2\/posts\/153080","targetHints":{"allow":["GET"]}}],"collection":[{"href":"https:\/\/www.europesays.com\/pt\/wp-json\/wp\/v2\/posts"}],"about":[{"href":"https:\/\/www.europesays.com\/pt\/wp-json\/wp\/v2\/types\/post"}],"author":[{"embeddable":true,"href":"https:\/\/www.europesays.com\/pt\/wp-json\/wp\/v2\/users\/2"}],"replies":[{"embeddable":true,"href":"https:\/\/www.europesays.com\/pt\/wp-json\/wp\/v2\/comments?post=153080"}],"version-history":[{"count":0,"href":"https:\/\/www.europesays.com\/pt\/wp-json\/wp\/v2\/posts\/153080\/revisions"}],"wp:featuredmedia":[{"embeddable":true,"href":"https:\/\/www.europesays.com\/pt\/wp-json\/wp\/v2\/media\/153081"}],"wp:attachment":[{"href":"https:\/\/www.europesays.com\/pt\/wp-json\/wp\/v2\/media?parent=153080"}],"wp:term":[{"taxonomy":"category","embeddable":true,"href":"https:\/\/www.europesays.com\/pt\/wp-json\/wp\/v2\/categories?post=153080"},{"taxonomy":"post_tag","embeddable":true,"href":"https:\/\/www.europesays.com\/pt\/wp-json\/wp\/v2\/tags?post=153080"}],"curies":[{"name":"wp","href":"https:\/\/api.w.org\/{rel}","templated":true}]}}